{"id":13421,"date":"2015-08-31T08:00:36","date_gmt":"2015-08-31T11:00:36","guid":{"rendered":"http:\/\/www.yungayino.cl\/noticias\/?p=13421"},"modified":"2015-08-31T08:32:58","modified_gmt":"2015-08-31T11:32:58","slug":"alegria-en-vecinos-del-sector-rinconada-del-itata-de-yungay-por-inauguracion-de-sede-social-y-agua-potable-rural","status":"publish","type":"post","link":"https:\/\/www.yungayino.cl\/noticias\/?p=13421","title":{"rendered":"Alegr\u00eda en Vecinos del Sector Rinconada del Itata de Yungay por Inauguraci\u00f3n de Sede Social y Agua Potable Rural"},"content":{"rendered":"<p style=\"text-align: justify;\">Yungay, lunes 31 de agosto 2015: Con mucha alegr\u00eda y satisfacci\u00f3n se encuentran los vecinos del Sector Rinconada del Itata de Yungay por la Inauguraci\u00f3n de su nueva Sede Social y el Proyecto de Agua Potable Rural, APR, las cuales se inauguraron oficialmente este s\u00e1bado 29 de agosto.<\/p>\n<p style=\"text-align: justify;\">Las ceremonias que contaron con la presencia del alcalde Pedro Inostroza Valenzuela, la presidenta del comit\u00e9 APR \u201cEl Esfuerzo\u201d Marta Lillo Villarroel, el presidente de la Junta de Vecinos Rinconada del Itata Juan Valdebenito Marin, diputados, concejales, invitados especiales y vecinos del sector representa un importante hito relevante dentro de los esfuerzos llevados adelante para mejorar las condiciones de vida de los vecinos del sector rural de Rinconada del Itata que sin duda beneficiara a todas las familias de este sector de nuestra comuna.<\/p>\n<p style=\"text-align: justify;\">El alcalde Pedro Inostroza destaco la importancia para la comunidad del Sector Rinconada del Itata contar con una nueva y moderna Sede Social as\u00ed como el anhelado sue\u00f1o del agua potable, se\u00f1alando que este es un logro de la gente, de los dirigentes sociales que en conjunto con la Municipalidad y de las entidades que participaron en la materializaci\u00f3n de estas obras, trabajaron para concretar este importante paso que mejora la calidad de vida de estas familias.<\/p>\n<p style=\"text-align: justify;\">Finalmente para celebrar estas importantes nuevas obras los presentes compartieron un gran almuerzo en la nueve Sede Social de Rinconada del Itata.<\/p>\n<p style=\"text-align: justify;\"><a href=\"https:\/\/www.facebook.com\/media\/set\/?set=a.1136672583014446.1073742575.159561284058919&amp;type=1\">FOTOGRAF\u00cdAS &#8211; Alegr\u00eda en Vecinos del Sector Rinconada del Itata de Yungay por Inauguraci\u00f3n de Sede Social y Agua Potable Rural<\/a><\/p>\n","protected":false},"excerpt":{"rendered":"<p>Yungay, lunes 31 de agosto 2015: Con mucha alegr\u00eda y satisfacci\u00f3n se encuentran los vecinos del Sector Rinconada del Itata de Yungay por la Inauguraci\u00f3n de su nueva Sede Social y el Proyecto de&#46;&#46;&#46;<\/p>\n","protected":false},"author":2,"featured_media":13417,"comment_status":"open","ping_status":"open","sticky":false,"template":"","format":"standard","meta":{"footnotes":""},"categories":[5,1],"tags":[1134,1115,1133,1135,8,6],"class_list":["post-13421","post","type-post","status-publish","format-standard","has-post-thumbnail","hentry","category-eventos","category-noticias","tag-agua-potable","tag-noticias","tag-rinconada-del-itata","tag-sede-social","tag-yungay","tag-yungayino"],"_links":{"self":[{"href":"https:\/\/www.yungayino.cl\/noticias\/index.php?rest_route=\/wp\/v2\/posts\/13421","targetHints":{"allow":["GET"]}}],"collection":[{"href":"https:\/\/www.yungayino.cl\/noticias\/index.php?rest_route=\/wp\/v2\/posts"}],"about":[{"href":"https:\/\/www.yungayino.cl\/noticias\/index.php?rest_route=\/wp\/v2\/types\/post"}],"author":[{"embeddable":true,"href":"https:\/\/www.yungayino.cl\/noticias\/index.php?rest_route=\/wp\/v2\/users\/2"}],"replies":[{"embeddable":true,"href":"https:\/\/www.yungayino.cl\/noticias\/index.php?rest_route=%2Fwp%2Fv2%2Fcomments&post=13421"}],"version-history":[{"count":3,"href":"https:\/\/www.yungayino.cl\/noticias\/index.php?rest_route=\/wp\/v2\/posts\/13421\/revisions"}],"predecessor-version":[{"id":13424,"href":"https:\/\/www.yungayino.cl\/noticias\/index.php?rest_route=\/wp\/v2\/posts\/13421\/revisions\/13424"}],"wp:featuredmedia":[{"embeddable":true,"href":"https:\/\/www.yungayino.cl\/noticias\/index.php?rest_route=\/wp\/v2\/media\/13417"}],"wp:attachment":[{"href":"https:\/\/www.yungayino.cl\/noticias\/index.php?rest_route=%2Fwp%2Fv2%2Fmedia&parent=13421"}],"wp:term":[{"taxonomy":"category","embeddable":true,"href":"https:\/\/www.yungayino.cl\/noticias\/index.php?rest_route=%2Fwp%2Fv2%2Fcategories&post=13421"},{"taxonomy":"post_tag","embeddable":true,"href":"https:\/\/www.yungayino.cl\/noticias\/index.php?rest_route=%2Fwp%2Fv2%2Ftags&post=13421"}],"curies":[{"name":"wp","href":"https:\/\/api.w.org\/{rel}","templated":true}]}}