{"id":13438,"date":"2015-09-02T13:00:14","date_gmt":"2015-09-02T16:00:14","guid":{"rendered":"http:\/\/www.yungayino.cl\/noticias\/?p=13438"},"modified":"2015-09-02T14:48:31","modified_gmt":"2015-09-02T17:48:31","slug":"biblioteca-publica-de-yungay-concluyo-con-exitoso-evento-cultural-las-actividades-del-mes-del-nino","status":"publish","type":"post","link":"https:\/\/www.yungayino.cl\/noticias\/?p=13438","title":{"rendered":"Biblioteca P\u00fablica de Yungay Concluyo con Exitoso Evento Cultural las Actividades del Mes del Ni\u00f1o"},"content":{"rendered":"<p style=\"text-align: justify;\">Yungay, 02 de septiembre 2015: Con gran \u00e9xito concluyeron las actividades realizadas en el Mes del ni\u00f1o por la Biblioteca P\u00fablica N\u00b0 64, \u201cOreste Montero\u201d,\u00a0Yungay.<\/p>\n<p style=\"text-align: justify;\">Las actividades finalizaron con un gran evento cultural realizado el pasado viernes 28 de agosto, donde los ni\u00f1os(as) junto a sus padres pudieron disfrutar de un variado programa que contemplaba pinta caritas, cuentacuentos, teatro m\u00edmico, pel\u00edculas, globoflexia, concursos, show infantil con personajes como Peppa, Mickey, Minnie y Gudy de Toy Story entre otros, adem\u00e1s de recibir dulces, jugos, palomitas de ma\u00edz etc.<\/p>\n<p style=\"text-align: justify;\">Finalmente Paulina \u00c1vila Pinto, Jefa de la Biblioteca se\u00f1alo al Equipo del Portal Yungayino.cl sus agradecimientos a la Municipalidad de Yungay por el apoyo para que todo resultara hermoso y por la excelente concurrencia obtenida, la cual significo mucha alegr\u00eda de ver ni\u00f1os y padres disfrutando de las diferentes entretenciones especialmente preparados para ellos.<\/p>\n<p style=\"text-align: justify;\"><a href=\"https:\/\/www.facebook.com\/media\/set\/?set=a.1137994042882300.1073742579.159561284058919&amp;type=1\">FOTOGRAF\u00cdAS &#8211; Biblioteca P\u00fablica de Yungay Concluyo con Exitoso Evento Cultural las Actividades del Mes del Ni\u00f1o<\/a><\/p>\n","protected":false},"excerpt":{"rendered":"<p>Yungay, 02 de septiembre 2015: Con gran \u00e9xito concluyeron las actividades realizadas en el Mes del ni\u00f1o por la Biblioteca P\u00fablica N\u00b0 64, \u201cOreste Montero\u201d,\u00a0Yungay. Las actividades finalizaron con un gran evento cultural realizado&#46;&#46;&#46;<\/p>\n","protected":false},"author":2,"featured_media":13431,"comment_status":"open","ping_status":"open","sticky":false,"template":"","format":"standard","meta":{"footnotes":""},"categories":[5,1],"tags":[1138,1115,8,6],"class_list":["post-13438","post","type-post","status-publish","format-standard","has-post-thumbnail","hentry","category-eventos","category-noticias","tag-bibliteca-yungay","tag-noticias","tag-yungay","tag-yungayino"],"_links":{"self":[{"href":"https:\/\/www.yungayino.cl\/noticias\/index.php?rest_route=\/wp\/v2\/posts\/13438","targetHints":{"allow":["GET"]}}],"collection":[{"href":"https:\/\/www.yungayino.cl\/noticias\/index.php?rest_route=\/wp\/v2\/posts"}],"about":[{"href":"https:\/\/www.yungayino.cl\/noticias\/index.php?rest_route=\/wp\/v2\/types\/post"}],"author":[{"embeddable":true,"href":"https:\/\/www.yungayino.cl\/noticias\/index.php?rest_route=\/wp\/v2\/users\/2"}],"replies":[{"embeddable":true,"href":"https:\/\/www.yungayino.cl\/noticias\/index.php?rest_route=%2Fwp%2Fv2%2Fcomments&post=13438"}],"version-history":[{"count":2,"href":"https:\/\/www.yungayino.cl\/noticias\/index.php?rest_route=\/wp\/v2\/posts\/13438\/revisions"}],"predecessor-version":[{"id":13440,"href":"https:\/\/www.yungayino.cl\/noticias\/index.php?rest_route=\/wp\/v2\/posts\/13438\/revisions\/13440"}],"wp:featuredmedia":[{"embeddable":true,"href":"https:\/\/www.yungayino.cl\/noticias\/index.php?rest_route=\/wp\/v2\/media\/13431"}],"wp:attachment":[{"href":"https:\/\/www.yungayino.cl\/noticias\/index.php?rest_route=%2Fwp%2Fv2%2Fmedia&parent=13438"}],"wp:term":[{"taxonomy":"category","embeddable":true,"href":"https:\/\/www.yungayino.cl\/noticias\/index.php?rest_route=%2Fwp%2Fv2%2Fcategories&post=13438"},{"taxonomy":"post_tag","embeddable":true,"href":"https:\/\/www.yungayino.cl\/noticias\/index.php?rest_route=%2Fwp%2Fv2%2Ftags&post=13438"}],"curies":[{"name":"wp","href":"https:\/\/api.w.org\/{rel}","templated":true}]}}