{"id":13461,"date":"2015-09-05T10:00:26","date_gmt":"2015-09-05T13:00:26","guid":{"rendered":"http:\/\/www.yungayino.cl\/noticias\/?p=13461"},"modified":"2015-09-05T11:56:58","modified_gmt":"2015-09-05T14:56:58","slug":"inauguran-lactario-en-hospital-comunitario-de-salud-familiar-pedro-morales-campos-de-yungay","status":"publish","type":"post","link":"https:\/\/www.yungayino.cl\/noticias\/?p=13461","title":{"rendered":"Inauguran \u201cLactario\u201d en Hospital Comunitario de Salud Familiar Pedro Morales Campos de Yungay"},"content":{"rendered":"<p style=\"text-align: justify;\">Yungay, viernes 04 de septiembre 2015: En las dependencias del Hospital Comunitario de Salud Familiar Pedro Morales Campos de Yungay se realizo la inauguraci\u00f3n de un \u201cLactario\u201d, cuyo objetivo es promover y apoyar la lactancia materna, ofreciendo a las madres un espacio adecuado, seguro y c\u00f3modo para el amamantamiento.<\/p>\n<p style=\"text-align: justify;\">El proyecto del \u201cLactario\u201d forma parte del plan anual promocional de la comuna de Yungay, cuyo financiamiento proviene desde la SEREMI, el cual tuvo una inversi\u00f3n de $300.000.<\/p>\n<p style=\"text-align: justify;\">A sido un anhelo para este establecimiento poder contar con un espacio para que las mamas puedan amamantar en forma privada, c\u00f3moda y acogedora a sus bebes mientras esperan atenci\u00f3n, con esto se espera aumentar satisfacci\u00f3n usuaria, donde habr\u00e1 un biombo y un sill\u00f3n c\u00f3modo apropiado para el amamantamiento, as\u00ed lo se\u00f1alo el Director Osvaldo Acevedo Guti\u00e9rrez en su discurso.<\/p>\n<p style=\"text-align: justify;\">Finalmente se realizo el tradicional corte de cinta para posteriormente compartir un grato c\u00f3ctel.<\/p>\n<p style=\"text-align: justify;\"><a href=\"https:\/\/www.facebook.com\/media\/set\/?set=a.1139691279379243.1073742582.159561284058919&amp;type=1\">FOTOGRAF\u00cdAS &#8211; Inauguran \u201cLactario\u201d en Hospital Comunitario de Salud Familiar Pedro Morales Campos de Yungay<\/a><\/p>\n","protected":false},"excerpt":{"rendered":"<p>Yungay, viernes 04 de septiembre 2015: En las dependencias del Hospital Comunitario de Salud Familiar Pedro Morales Campos de Yungay se realizo la inauguraci\u00f3n de un \u201cLactario\u201d, cuyo objetivo es promover y apoyar la&#46;&#46;&#46;<\/p>\n","protected":false},"author":2,"featured_media":13463,"comment_status":"open","ping_status":"open","sticky":false,"template":"","format":"standard","meta":{"footnotes":""},"categories":[1,32],"tags":[421,1140,1115,8,6],"class_list":["post-13461","post","type-post","status-publish","format-standard","has-post-thumbnail","hentry","category-noticias","category-servicios","tag-hospital-de-yungay","tag-lactario","tag-noticias","tag-yungay","tag-yungayino"],"_links":{"self":[{"href":"https:\/\/www.yungayino.cl\/noticias\/index.php?rest_route=\/wp\/v2\/posts\/13461","targetHints":{"allow":["GET"]}}],"collection":[{"href":"https:\/\/www.yungayino.cl\/noticias\/index.php?rest_route=\/wp\/v2\/posts"}],"about":[{"href":"https:\/\/www.yungayino.cl\/noticias\/index.php?rest_route=\/wp\/v2\/types\/post"}],"author":[{"embeddable":true,"href":"https:\/\/www.yungayino.cl\/noticias\/index.php?rest_route=\/wp\/v2\/users\/2"}],"replies":[{"embeddable":true,"href":"https:\/\/www.yungayino.cl\/noticias\/index.php?rest_route=%2Fwp%2Fv2%2Fcomments&post=13461"}],"version-history":[{"count":2,"href":"https:\/\/www.yungayino.cl\/noticias\/index.php?rest_route=\/wp\/v2\/posts\/13461\/revisions"}],"predecessor-version":[{"id":13465,"href":"https:\/\/www.yungayino.cl\/noticias\/index.php?rest_route=\/wp\/v2\/posts\/13461\/revisions\/13465"}],"wp:featuredmedia":[{"embeddable":true,"href":"https:\/\/www.yungayino.cl\/noticias\/index.php?rest_route=\/wp\/v2\/media\/13463"}],"wp:attachment":[{"href":"https:\/\/www.yungayino.cl\/noticias\/index.php?rest_route=%2Fwp%2Fv2%2Fmedia&parent=13461"}],"wp:term":[{"taxonomy":"category","embeddable":true,"href":"https:\/\/www.yungayino.cl\/noticias\/index.php?rest_route=%2Fwp%2Fv2%2Fcategories&post=13461"},{"taxonomy":"post_tag","embeddable":true,"href":"https:\/\/www.yungayino.cl\/noticias\/index.php?rest_route=%2Fwp%2Fv2%2Ftags&post=13461"}],"curies":[{"name":"wp","href":"https:\/\/api.w.org\/{rel}","templated":true}]}}