{"id":13466,"date":"2015-09-05T11:00:34","date_gmt":"2015-09-05T14:00:34","guid":{"rendered":"http:\/\/www.yungayino.cl\/noticias\/?p=13466"},"modified":"2015-09-05T12:00:08","modified_gmt":"2015-09-05T15:00:08","slug":"inauguran-y-bendicen-dos-nuevas-ambulancias-que-recibio-el-hospital-de-yungay","status":"publish","type":"post","link":"https:\/\/www.yungayino.cl\/noticias\/?p=13466","title":{"rendered":"Inauguran y Bendicen Dos Nuevas Ambulancias que Recibi\u00f3 el Hospital de Yungay"},"content":{"rendered":"<p style=\"text-align: justify;\">Yungay, viernes 04 de septiembre 2015: En un significativo acto, el Director del Hospital Comunitario de Salud Familiar Pedro Morales Campos de Yungay, Sr. Osvaldo Acevedo Guti\u00e9rrez hizo entrega de dos nuevas ambulancias al Consejo de Desarrollo Hospitalario para el servicio de la Comunidad.<\/p>\n<p style=\"text-align: justify;\">El acto cont\u00f3 con la asistencia del alcalde Pedro Inostroza Valenzuela, el diputado Carlos Abel Jarpa, representantes de los Consejos de Desarrollo del Hospital de Yungay y Campanario, concejales, invitados especiales, funcionarias y funcionarios del establecimiento.<\/p>\n<p style=\"text-align: justify;\">La dos nuevas ambulancias tuvieron una inversi\u00f3n de $99 millones y se gestion\u00f3 a trav\u00e9s de un proyecto financiado con fondos sectoriales del Ministerio de Salud, lo que es una muestra concreta que la Presidenta Michelle Bachelet y el Director de Servicio de Salud \u00d1uble est\u00e1n apoyando al Hospital de Yungay, as\u00ed lo se\u00f1alo el Director Osvaldo Acevedo a los presentes en su discurso.<\/p>\n<p style=\"text-align: justify;\">Se\u00f1alar tambi\u00e9n que durante el acto de entrega el sacerdote de nuestra comuna, Padre Nelson Jara, realiz\u00f3 la \u00a0bendici\u00f3n de las dos nuevas ambulancias; por su parte la pastora de la corporaci\u00f3n evang\u00e9lica Pentecostal Sra. Gladys Stuardo, tambi\u00e9n dirigi\u00f3 algunas palabras.<\/p>\n<p style=\"text-align: justify;\">Finalmente el Director hizo entrega de manera simb\u00f3lica de las llaves de esta nueva ambulancia a los conductores del establecimiento de Salud.<\/p>\n<p style=\"text-align: justify;\"><a href=\"https:\/\/www.facebook.com\/media\/set\/?set=a.1139702566044781.1073742583.159561284058919&amp;type=1\">FOTOGRAF\u00cdAS &#8211; Inauguran y Bendicen Dos Nuevas Ambulancias que Recibi\u00f3 el Hospital de Yungay<\/a><\/p>\n","protected":false},"excerpt":{"rendered":"<p>Yungay, viernes 04 de septiembre 2015: En un significativo acto, el Director del Hospital Comunitario de Salud Familiar Pedro Morales Campos de Yungay, Sr. Osvaldo Acevedo Guti\u00e9rrez hizo entrega de dos nuevas ambulancias al&#46;&#46;&#46;<\/p>\n","protected":false},"author":2,"featured_media":13462,"comment_status":"open","ping_status":"open","sticky":false,"template":"","format":"standard","meta":{"footnotes":""},"categories":[3,1,32],"tags":[1141,421,1115,8,6],"class_list":["post-13466","post","type-post","status-publish","format-standard","has-post-thumbnail","hentry","category-actualidad","category-noticias","category-servicios","tag-ambulancias","tag-hospital-de-yungay","tag-noticias","tag-yungay","tag-yungayino"],"_links":{"self":[{"href":"https:\/\/www.yungayino.cl\/noticias\/index.php?rest_route=\/wp\/v2\/posts\/13466","targetHints":{"allow":["GET"]}}],"collection":[{"href":"https:\/\/www.yungayino.cl\/noticias\/index.php?rest_route=\/wp\/v2\/posts"}],"about":[{"href":"https:\/\/www.yungayino.cl\/noticias\/index.php?rest_route=\/wp\/v2\/types\/post"}],"author":[{"embeddable":true,"href":"https:\/\/www.yungayino.cl\/noticias\/index.php?rest_route=\/wp\/v2\/users\/2"}],"replies":[{"embeddable":true,"href":"https:\/\/www.yungayino.cl\/noticias\/index.php?rest_route=%2Fwp%2Fv2%2Fcomments&post=13466"}],"version-history":[{"count":2,"href":"https:\/\/www.yungayino.cl\/noticias\/index.php?rest_route=\/wp\/v2\/posts\/13466\/revisions"}],"predecessor-version":[{"id":13468,"href":"https:\/\/www.yungayino.cl\/noticias\/index.php?rest_route=\/wp\/v2\/posts\/13466\/revisions\/13468"}],"wp:featuredmedia":[{"embeddable":true,"href":"https:\/\/www.yungayino.cl\/noticias\/index.php?rest_route=\/wp\/v2\/media\/13462"}],"wp:attachment":[{"href":"https:\/\/www.yungayino.cl\/noticias\/index.php?rest_route=%2Fwp%2Fv2%2Fmedia&parent=13466"}],"wp:term":[{"taxonomy":"category","embeddable":true,"href":"https:\/\/www.yungayino.cl\/noticias\/index.php?rest_route=%2Fwp%2Fv2%2Fcategories&post=13466"},{"taxonomy":"post_tag","embeddable":true,"href":"https:\/\/www.yungayino.cl\/noticias\/index.php?rest_route=%2Fwp%2Fv2%2Ftags&post=13466"}],"curies":[{"name":"wp","href":"https:\/\/api.w.org\/{rel}","templated":true}]}}