{"id":13469,"date":"2015-09-05T12:00:42","date_gmt":"2015-09-05T15:00:42","guid":{"rendered":"http:\/\/www.yungayino.cl\/noticias\/?p=13469"},"modified":"2015-09-05T13:00:30","modified_gmt":"2015-09-05T16:00:30","slug":"inauguran-exposicion-fotografica-conozcamos-yungay","status":"publish","type":"post","link":"https:\/\/www.yungayino.cl\/noticias\/?p=13469","title":{"rendered":"Inauguran Exposici\u00f3n Fotogr\u00e1fica \u201cConozcamos Yungay\u201d"},"content":{"rendered":"<p style=\"text-align: justify;\">Yungay, viernes 04 de septiembre 2015: En el auditorio de la Biblioteca P\u00fablica \u201cOreste Montero\u201d de nuestra comuna, se llevo a cabo la ceremonia de inauguraci\u00f3n de la Primera Exposici\u00f3n Fotogr\u00e1fica \u201cConozcamos Yungay\u201d, la cu\u00e1l fue organizada por el Centro Cultural Yungay, Yungay Capital Provincial y Paisajes de Yungay.<\/p>\n<p style=\"text-align: justify;\">Finalmente los organizadores invitan a toda la comunidad a visitar esta exposici\u00f3n, la cual se extender\u00e1 hasta el 11 de septiembre.<\/p>\n<p style=\"text-align: justify;\">Horario: Lunes a viernes: 09:00 a 19:00 horas y s\u00e1bado: 14:00 a 19:00 horas.<\/p>\n<p style=\"text-align: justify;\"><a href=\"https:\/\/www.facebook.com\/media\/set\/?set=a.1139733659375005.1073742584.159561284058919&amp;type=1\">FOTOGRAF\u00cdAS &#8211; Inauguran Exposici\u00f3n Fotogr\u00e1fica \u201cConozcamos Yungay\u201d<\/a><\/p>\n","protected":false},"excerpt":{"rendered":"<p>Yungay, viernes 04 de septiembre 2015: En el auditorio de la Biblioteca P\u00fablica \u201cOreste Montero\u201d de nuestra comuna, se llevo a cabo la ceremonia de inauguraci\u00f3n de la Primera Exposici\u00f3n Fotogr\u00e1fica \u201cConozcamos Yungay\u201d, la&#46;&#46;&#46;<\/p>\n","protected":false},"author":2,"featured_media":13470,"comment_status":"open","ping_status":"open","sticky":false,"template":"","format":"standard","meta":{"footnotes":""},"categories":[5,1,15],"tags":[723,1115,8,6],"class_list":["post-13469","post","type-post","status-publish","format-standard","has-post-thumbnail","hentry","category-eventos","category-noticias","category-turismo","tag-exposicion","tag-noticias","tag-yungay","tag-yungayino"],"_links":{"self":[{"href":"https:\/\/www.yungayino.cl\/noticias\/index.php?rest_route=\/wp\/v2\/posts\/13469","targetHints":{"allow":["GET"]}}],"collection":[{"href":"https:\/\/www.yungayino.cl\/noticias\/index.php?rest_route=\/wp\/v2\/posts"}],"about":[{"href":"https:\/\/www.yungayino.cl\/noticias\/index.php?rest_route=\/wp\/v2\/types\/post"}],"author":[{"embeddable":true,"href":"https:\/\/www.yungayino.cl\/noticias\/index.php?rest_route=\/wp\/v2\/users\/2"}],"replies":[{"embeddable":true,"href":"https:\/\/www.yungayino.cl\/noticias\/index.php?rest_route=%2Fwp%2Fv2%2Fcomments&post=13469"}],"version-history":[{"count":2,"href":"https:\/\/www.yungayino.cl\/noticias\/index.php?rest_route=\/wp\/v2\/posts\/13469\/revisions"}],"predecessor-version":[{"id":13472,"href":"https:\/\/www.yungayino.cl\/noticias\/index.php?rest_route=\/wp\/v2\/posts\/13469\/revisions\/13472"}],"wp:featuredmedia":[{"embeddable":true,"href":"https:\/\/www.yungayino.cl\/noticias\/index.php?rest_route=\/wp\/v2\/media\/13470"}],"wp:attachment":[{"href":"https:\/\/www.yungayino.cl\/noticias\/index.php?rest_route=%2Fwp%2Fv2%2Fmedia&parent=13469"}],"wp:term":[{"taxonomy":"category","embeddable":true,"href":"https:\/\/www.yungayino.cl\/noticias\/index.php?rest_route=%2Fwp%2Fv2%2Fcategories&post=13469"},{"taxonomy":"post_tag","embeddable":true,"href":"https:\/\/www.yungayino.cl\/noticias\/index.php?rest_route=%2Fwp%2Fv2%2Ftags&post=13469"}],"curies":[{"name":"wp","href":"https:\/\/api.w.org\/{rel}","templated":true}]}}