{"id":13473,"date":"2015-09-05T22:00:53","date_gmt":"2015-09-06T01:00:53","guid":{"rendered":"http:\/\/www.yungayino.cl\/noticias\/?p=13473"},"modified":"2015-09-06T21:46:23","modified_gmt":"2015-09-07T00:46:23","slug":"carabineros-de-yungay-lanza-campana-para-prevenir-accidentes-de-ciclistas-en-fiestas-patrias","status":"publish","type":"post","link":"https:\/\/www.yungayino.cl\/noticias\/?p=13473","title":{"rendered":"Carabineros de Yungay Lanza Campa\u00f1a Para Prevenir Accidentes de Ciclistas en Fiestas Patrias"},"content":{"rendered":"<p style=\"text-align: justify;\">Yungay, s\u00e1bado 05 de septiembre 2015: Con el objetivo de prevenir accidentes de tr\u00e1nsito, en los que se vean involucrados automovilistas, ciclistas y peatones, Carabineros de la Cuarta Comisar\u00eda de Yungay lanz\u00f3 la Campa\u00f1a <strong>\u201cToma Conciencia\u201d<\/strong> para esta Fiestas Patrias, para lo cu\u00e1l hizo entrega de mochilas reflectantes a ciclistas y patrones en diferentes puntos de la comuna.<\/p>\n<p style=\"text-align: justify;\">El Suboficial de la Cuarta Comisar\u00eda de Yungay Juan Carlos Espinoza, Encargado de Asuntos Comunitarios se\u00f1alo al Equipo del Portal Yungayino.cl, las Fiestas Patrias son un motivo de celebraci\u00f3n en familia y con amigos, por lo mismo es importante que todos nos comprometamos a ser responsables y a practicar el autocuidado, todo esto debido a que la mayor\u00eda de las v\u00edctimas fatales para estas fiestas son ciclistas o peatones bajo los efectos del alcohol.<\/p>\n<p style=\"text-align: justify;\">Finalmente el Suboficial Espinoza reitero que es responsabilidad de todas las personas tomar conciencia para estas fiestas patrias, y as\u00ed ayudaremos a evitar accidentes.<\/p>\n<p style=\"text-align: justify;\"><a href=\"https:\/\/www.facebook.com\/media\/set\/?set=a.1140433972638307.1073742585.159561284058919&amp;type=1\">FOTOGRAF\u00cdAS &#8211; Carabineros de Yungay Lanza Campa\u00f1a Para Prevenir Accidentes de Ciclistas en Fiestas Patrias<\/a><\/p>\n","protected":false},"excerpt":{"rendered":"<p>Yungay, s\u00e1bado 05 de septiembre 2015: Con el objetivo de prevenir accidentes de tr\u00e1nsito, en los que se vean involucrados automovilistas, ciclistas y peatones, Carabineros de la Cuarta Comisar\u00eda de Yungay lanz\u00f3 la Campa\u00f1a&#46;&#46;&#46;<\/p>\n","protected":false},"author":2,"featured_media":13474,"comment_status":"open","ping_status":"open","sticky":false,"template":"","format":"standard","meta":{"footnotes":""},"categories":[3,1],"tags":[25,1115,8,6],"class_list":["post-13473","post","type-post","status-publish","format-standard","has-post-thumbnail","hentry","category-actualidad","category-noticias","tag-carabineros","tag-noticias","tag-yungay","tag-yungayino"],"_links":{"self":[{"href":"https:\/\/www.yungayino.cl\/noticias\/index.php?rest_route=\/wp\/v2\/posts\/13473","targetHints":{"allow":["GET"]}}],"collection":[{"href":"https:\/\/www.yungayino.cl\/noticias\/index.php?rest_route=\/wp\/v2\/posts"}],"about":[{"href":"https:\/\/www.yungayino.cl\/noticias\/index.php?rest_route=\/wp\/v2\/types\/post"}],"author":[{"embeddable":true,"href":"https:\/\/www.yungayino.cl\/noticias\/index.php?rest_route=\/wp\/v2\/users\/2"}],"replies":[{"embeddable":true,"href":"https:\/\/www.yungayino.cl\/noticias\/index.php?rest_route=%2Fwp%2Fv2%2Fcomments&post=13473"}],"version-history":[{"count":2,"href":"https:\/\/www.yungayino.cl\/noticias\/index.php?rest_route=\/wp\/v2\/posts\/13473\/revisions"}],"predecessor-version":[{"id":13477,"href":"https:\/\/www.yungayino.cl\/noticias\/index.php?rest_route=\/wp\/v2\/posts\/13473\/revisions\/13477"}],"wp:featuredmedia":[{"embeddable":true,"href":"https:\/\/www.yungayino.cl\/noticias\/index.php?rest_route=\/wp\/v2\/media\/13474"}],"wp:attachment":[{"href":"https:\/\/www.yungayino.cl\/noticias\/index.php?rest_route=%2Fwp%2Fv2%2Fmedia&parent=13473"}],"wp:term":[{"taxonomy":"category","embeddable":true,"href":"https:\/\/www.yungayino.cl\/noticias\/index.php?rest_route=%2Fwp%2Fv2%2Fcategories&post=13473"},{"taxonomy":"post_tag","embeddable":true,"href":"https:\/\/www.yungayino.cl\/noticias\/index.php?rest_route=%2Fwp%2Fv2%2Ftags&post=13473"}],"curies":[{"name":"wp","href":"https:\/\/api.w.org\/{rel}","templated":true}]}}