{"id":13510,"date":"2015-09-14T13:00:44","date_gmt":"2015-09-14T16:00:44","guid":{"rendered":"http:\/\/www.yungayino.cl\/noticias\/?p=13510"},"modified":"2015-09-14T23:01:55","modified_gmt":"2015-09-15T02:01:55","slug":"te-deum-evangelico-con-motivo-de-fiestas-patrias-2015-se-realizo-en-templo-la-canada","status":"publish","type":"post","link":"https:\/\/www.yungayino.cl\/noticias\/?p=13510","title":{"rendered":"Te Deum Evang\u00e9lico con Motivo de Fiestas Patrias 2015 se Realiz\u00f3 en Templo La Ca\u00f1ada"},"content":{"rendered":"<p style=\"text-align: justify;\">Yungay, Con motivo de celebrar un nuevo Aniversario de la Independencia de Chile, se\u00a0 llev\u00f3\u00a0 a cabo este domingo 13 de septiembre 2015 a partir de las 10:00 horas un Servicio de Acci\u00f3n de Gracias Evang\u00e9lico Comunal en el Templo La Ca\u00f1ada.<\/p>\n<p style=\"text-align: justify;\">En la homil\u00eda, los diferentes pastores presentes, llamar\u00f3n a \u201corar por nuestra naci\u00f3n y sus autoridades\u201d adem\u00e1s del respeto con nuestro pr\u00f3jimo, que\u00a0 contribuye a la unidad entre todos nosotros.<\/p>\n<p style=\"text-align: justify;\">Al oficio religioso asisti\u00f3 el Alcalde Pedro Inostroza Valenzuela, Concejales, Pastores de las diversas Iglesias de la comuna y autoridades locales.<\/p>\n<p style=\"text-align: justify;\">Finalmente se\u00f1alar que las pr\u00e9dicas, canciones y alabanzas fueron acompa\u00f1adas durante toda la ceremonia por el Coro Instrumental.<\/p>\n<p style=\"text-align: justify;\"><a href=\"https:\/\/www.facebook.com\/media\/set\/?set=a.1145713238777047.1073742592.159561284058919&amp;type=1&amp;l=b5b7856cd9\">FOTOGRAF\u00cdAS &#8211; Te Deum Evang\u00e9lico con Motivo de Fiestas Patrias 2015 se Realiz\u00f3 en Templo La Ca\u00f1ada<\/a><\/p>\n","protected":false},"excerpt":{"rendered":"<p>Yungay, Con motivo de celebrar un nuevo Aniversario de la Independencia de Chile, se\u00a0 llev\u00f3\u00a0 a cabo este domingo 13 de septiembre 2015 a partir de las 10:00 horas un Servicio de Acci\u00f3n de&#46;&#46;&#46;<\/p>\n","protected":false},"author":2,"featured_media":13507,"comment_status":"open","ping_status":"open","sticky":false,"template":"","format":"standard","meta":{"footnotes":""},"categories":[1],"tags":[1115,8,6],"class_list":["post-13510","post","type-post","status-publish","format-standard","has-post-thumbnail","hentry","category-noticias","tag-noticias","tag-yungay","tag-yungayino"],"_links":{"self":[{"href":"https:\/\/www.yungayino.cl\/noticias\/index.php?rest_route=\/wp\/v2\/posts\/13510","targetHints":{"allow":["GET"]}}],"collection":[{"href":"https:\/\/www.yungayino.cl\/noticias\/index.php?rest_route=\/wp\/v2\/posts"}],"about":[{"href":"https:\/\/www.yungayino.cl\/noticias\/index.php?rest_route=\/wp\/v2\/types\/post"}],"author":[{"embeddable":true,"href":"https:\/\/www.yungayino.cl\/noticias\/index.php?rest_route=\/wp\/v2\/users\/2"}],"replies":[{"embeddable":true,"href":"https:\/\/www.yungayino.cl\/noticias\/index.php?rest_route=%2Fwp%2Fv2%2Fcomments&post=13510"}],"version-history":[{"count":3,"href":"https:\/\/www.yungayino.cl\/noticias\/index.php?rest_route=\/wp\/v2\/posts\/13510\/revisions"}],"predecessor-version":[{"id":13513,"href":"https:\/\/www.yungayino.cl\/noticias\/index.php?rest_route=\/wp\/v2\/posts\/13510\/revisions\/13513"}],"wp:featuredmedia":[{"embeddable":true,"href":"https:\/\/www.yungayino.cl\/noticias\/index.php?rest_route=\/wp\/v2\/media\/13507"}],"wp:attachment":[{"href":"https:\/\/www.yungayino.cl\/noticias\/index.php?rest_route=%2Fwp%2Fv2%2Fmedia&parent=13510"}],"wp:term":[{"taxonomy":"category","embeddable":true,"href":"https:\/\/www.yungayino.cl\/noticias\/index.php?rest_route=%2Fwp%2Fv2%2Fcategories&post=13510"},{"taxonomy":"post_tag","embeddable":true,"href":"https:\/\/www.yungayino.cl\/noticias\/index.php?rest_route=%2Fwp%2Fv2%2Ftags&post=13510"}],"curies":[{"name":"wp","href":"https:\/\/api.w.org\/{rel}","templated":true}]}}