{"id":13520,"date":"2015-09-14T21:00:25","date_gmt":"2015-09-15T00:00:25","guid":{"rendered":"http:\/\/www.yungayino.cl\/noticias\/?p=13520"},"modified":"2015-09-14T23:40:20","modified_gmt":"2015-09-15T02:40:20","slug":"certificacion-de-competencias-laborales-sector-comercio-se-realizo-en-yungay","status":"publish","type":"post","link":"https:\/\/www.yungayino.cl\/noticias\/?p=13520","title":{"rendered":"Certificaci\u00f3n de Competencias Laborales Sector Comercio se Realiz\u00f3 en Yungay"},"content":{"rendered":"<p style=\"text-align: justify;\">Yungay, lunes 14 de septiembre 2015: En las dependencias del auditorio de la Biblioteca P\u00fablica Oreste Montero de nuestra comuna, se llev\u00f3 a cabo una emotiva ceremonia con trabajadores y trabajadoras del comercio de Yungay, donde recibieron los diplomas que acreditan la certificaci\u00f3n de competencias laborales en el \u00e1rea del comercio.<\/p>\n<p style=\"text-align: justify;\">En la oportunidad el Representante de la C\u00e1mara de Comercio de Santiago, Ricardo Vidal Hormaz\u00e1bal, felicit\u00f3 a los participantes por el logro obtenido y les hizo el llamado a no detenerse en el perfeccionamiento de sus habilidades, puesto que a trav\u00e9s de la educaci\u00f3n y la capacitaci\u00f3n se puede mejorar la calidad de vida.<\/p>\n<p style=\"text-align: justify;\">El alcalde Pedro Inostroza Valenzuela, reitero sus felicitaciones a todas las personas que recibieron su certificado el d\u00eda de hoy, adem\u00e1s agrego que el municipio siempre apoyar\u00e1 estas iniciativas, las cuales en esta ocasi\u00f3n fueron lideradas y gestionada por la funcionaria municipal Patricia Matus.<\/p>\n<p style=\"text-align: justify;\">Se\u00f1alar que tambi\u00e9n estuvo presente el representante de Sence, Daniel Molina, los concejales Marcos Cuevas, Rafael Cifuentes y Ang\u00e9lica Cabezas, quienes al finalizar la ceremonia compartieron un coctel junto a todos los presentes.<\/p>\n<p style=\"text-align: justify;\"><a href=\"https:\/\/www.facebook.com\/media\/set\/?set=a.1145733255441712.1073742594.159561284058919&amp;type=1&amp;l=901dc9600c\">FOTOGRAF\u00cdAS &#8211; Certificaci\u00f3n de Competencias Laborales Sector Comercio se Realiz\u00f3 en Yungay<\/a><\/p>\n","protected":false},"excerpt":{"rendered":"<p>Yungay, lunes 14 de septiembre 2015: En las dependencias del auditorio de la Biblioteca P\u00fablica Oreste Montero de nuestra comuna, se llev\u00f3 a cabo una emotiva ceremonia con trabajadores y trabajadoras del comercio de&#46;&#46;&#46;<\/p>\n","protected":false},"author":2,"featured_media":13521,"comment_status":"open","ping_status":"open","sticky":false,"template":"","format":"standard","meta":{"footnotes":""},"categories":[1],"tags":[1115,8,6],"class_list":["post-13520","post","type-post","status-publish","format-standard","has-post-thumbnail","hentry","category-noticias","tag-noticias","tag-yungay","tag-yungayino"],"_links":{"self":[{"href":"https:\/\/www.yungayino.cl\/noticias\/index.php?rest_route=\/wp\/v2\/posts\/13520","targetHints":{"allow":["GET"]}}],"collection":[{"href":"https:\/\/www.yungayino.cl\/noticias\/index.php?rest_route=\/wp\/v2\/posts"}],"about":[{"href":"https:\/\/www.yungayino.cl\/noticias\/index.php?rest_route=\/wp\/v2\/types\/post"}],"author":[{"embeddable":true,"href":"https:\/\/www.yungayino.cl\/noticias\/index.php?rest_route=\/wp\/v2\/users\/2"}],"replies":[{"embeddable":true,"href":"https:\/\/www.yungayino.cl\/noticias\/index.php?rest_route=%2Fwp%2Fv2%2Fcomments&post=13520"}],"version-history":[{"count":4,"href":"https:\/\/www.yungayino.cl\/noticias\/index.php?rest_route=\/wp\/v2\/posts\/13520\/revisions"}],"predecessor-version":[{"id":13525,"href":"https:\/\/www.yungayino.cl\/noticias\/index.php?rest_route=\/wp\/v2\/posts\/13520\/revisions\/13525"}],"wp:featuredmedia":[{"embeddable":true,"href":"https:\/\/www.yungayino.cl\/noticias\/index.php?rest_route=\/wp\/v2\/media\/13521"}],"wp:attachment":[{"href":"https:\/\/www.yungayino.cl\/noticias\/index.php?rest_route=%2Fwp%2Fv2%2Fmedia&parent=13520"}],"wp:term":[{"taxonomy":"category","embeddable":true,"href":"https:\/\/www.yungayino.cl\/noticias\/index.php?rest_route=%2Fwp%2Fv2%2Fcategories&post=13520"},{"taxonomy":"post_tag","embeddable":true,"href":"https:\/\/www.yungayino.cl\/noticias\/index.php?rest_route=%2Fwp%2Fv2%2Ftags&post=13520"}],"curies":[{"name":"wp","href":"https:\/\/api.w.org\/{rel}","templated":true}]}}