{"id":13535,"date":"2015-09-15T15:00:38","date_gmt":"2015-09-15T18:00:38","guid":{"rendered":"http:\/\/www.yungayino.cl\/noticias\/?p=13535"},"modified":"2015-09-15T21:29:17","modified_gmt":"2015-09-16T00:29:17","slug":"ramaderos-de-yungay-tuvieron-reunion-informativa-de-coordinacion-con-carabineros-y-el-municipio","status":"publish","type":"post","link":"https:\/\/www.yungayino.cl\/noticias\/?p=13535","title":{"rendered":"Ramaderos de Yungay Tuvieron Reuni\u00f3n Informativa de Coordinaci\u00f3n con Carabineros y el Municipio"},"content":{"rendered":"<p style=\"text-align: justify;\">Yungay, en las dependencias de la Cuarta Comisar\u00eda de nuestra comuna, el pasado viernes 11 de septiembre a partir de las 19:00 horas se realiz\u00f3 una importante reuni\u00f3n informativa donde participaron Carabineros liderados por el Mayor Darwin Illanes Aguilera, el Alcalde Pedro Inostroza Valenzuela, el Suboficial Juan Carlos Espinoza, Encargado de Asuntos Comunitarios y los ramaderos de Yungay.<\/p>\n<p style=\"text-align: justify;\">La idea era poder coordinar y conversar estrategias para pasar un dieciocho seguro en la zona de las ramadas, adem\u00e1s de coordinar las formas de operar en caso de alg\u00fan inconveniente y tambi\u00e9n clarificar todas las dudas que tuvieran los ramaderos con respecto a los horarios de cierre, los cuales ser\u00e1n inauguradas el d\u00eda jueves 17 de septiembre a las 19:00 horas en la Cancha de Carreras, y donde funcionaran todos los d\u00edas hasta las 04:00 horas de la madrugada y el d\u00eda domingo 20 de septiembre la clausura ser\u00e1 a las 20:00 horas.<\/p>\n<p style=\"text-align: justify;\">La iniciativa tuvo una muy buena acogida por parte de los locatarios, quienes tambi\u00e9n recibir\u00e1n d\u00edpticos con se\u00f1ales de \u201cSalida de Emergencia\u201d, \u201dEquipos de Extinci\u00f3n de incendios\u201d, \u201dNo Fumar\u201d, entre otros.<\/p>\n<p style=\"text-align: justify;\">Finalmente el Suboficial Juan Carlos Espinoza manifest\u00f3; \u201cQueremos que todos pasemos unas fiestas patrias inolvidables, con un lindo recuerdo, donde no tengamos accidentes que lamentar, la idea aqu\u00ed es que las personas cuiden su integridad f\u00edsica, es por ello que entregamos estas recomendaciones a los fonderos\u201d.<\/p>\n<p style=\"text-align: justify;\"><a href=\"https:\/\/www.facebook.com\/media\/set\/?set=a.1146216778726693.1073742596.159561284058919&amp;type=1&amp;l=4b36a94b68\">FOTOGRAF\u00cdAS &#8211; Ramaderos de Yungay Tuvieron Reuni\u00f3n Informativa de Coordinaci\u00f3n con Carabineros y el Municipio<\/a><\/p>\n","protected":false},"excerpt":{"rendered":"<p>Yungay, en las dependencias de la Cuarta Comisar\u00eda de nuestra comuna, el pasado viernes 11 de septiembre a partir de las 19:00 horas se realiz\u00f3 una importante reuni\u00f3n informativa donde participaron Carabineros liderados por&#46;&#46;&#46;<\/p>\n","protected":false},"author":2,"featured_media":13529,"comment_status":"open","ping_status":"open","sticky":false,"template":"","format":"standard","meta":{"footnotes":""},"categories":[3,1],"tags":[1145,1115,1144,8,6],"class_list":["post-13535","post","type-post","status-publish","format-standard","has-post-thumbnail","hentry","category-actualidad","category-noticias","tag-fiestas-patrias-2015","tag-noticias","tag-ramaderos","tag-yungay","tag-yungayino"],"_links":{"self":[{"href":"https:\/\/www.yungayino.cl\/noticias\/index.php?rest_route=\/wp\/v2\/posts\/13535","targetHints":{"allow":["GET"]}}],"collection":[{"href":"https:\/\/www.yungayino.cl\/noticias\/index.php?rest_route=\/wp\/v2\/posts"}],"about":[{"href":"https:\/\/www.yungayino.cl\/noticias\/index.php?rest_route=\/wp\/v2\/types\/post"}],"author":[{"embeddable":true,"href":"https:\/\/www.yungayino.cl\/noticias\/index.php?rest_route=\/wp\/v2\/users\/2"}],"replies":[{"embeddable":true,"href":"https:\/\/www.yungayino.cl\/noticias\/index.php?rest_route=%2Fwp%2Fv2%2Fcomments&post=13535"}],"version-history":[{"count":2,"href":"https:\/\/www.yungayino.cl\/noticias\/index.php?rest_route=\/wp\/v2\/posts\/13535\/revisions"}],"predecessor-version":[{"id":13537,"href":"https:\/\/www.yungayino.cl\/noticias\/index.php?rest_route=\/wp\/v2\/posts\/13535\/revisions\/13537"}],"wp:featuredmedia":[{"embeddable":true,"href":"https:\/\/www.yungayino.cl\/noticias\/index.php?rest_route=\/wp\/v2\/media\/13529"}],"wp:attachment":[{"href":"https:\/\/www.yungayino.cl\/noticias\/index.php?rest_route=%2Fwp%2Fv2%2Fmedia&parent=13535"}],"wp:term":[{"taxonomy":"category","embeddable":true,"href":"https:\/\/www.yungayino.cl\/noticias\/index.php?rest_route=%2Fwp%2Fv2%2Fcategories&post=13535"},{"taxonomy":"post_tag","embeddable":true,"href":"https:\/\/www.yungayino.cl\/noticias\/index.php?rest_route=%2Fwp%2Fv2%2Ftags&post=13535"}],"curies":[{"name":"wp","href":"https:\/\/api.w.org\/{rel}","templated":true}]}}