{"id":13541,"date":"2015-09-16T10:00:41","date_gmt":"2015-09-16T13:00:41","guid":{"rendered":"http:\/\/www.yungayino.cl\/noticias\/?p=13541"},"modified":"2015-09-16T15:43:16","modified_gmt":"2015-09-16T18:43:16","slug":"liceo-a-17-realizo-ii-pena-folclorica","status":"publish","type":"post","link":"https:\/\/www.yungayino.cl\/noticias\/?p=13541","title":{"rendered":"Liceo A -17 Realizo \u201cII Pe\u00f1a Folcl\u00f3rica\u201d"},"content":{"rendered":"<p style=\"text-align: justify;\">Yungay, El Liceo A-17 de nuestra comuna organizo la \u201cII Pe\u00f1a Folcl\u00f3rica\u201d, con motivo de la Celebraci\u00f3n de Fiestas Patrias 2015, la cual se realiz\u00f3 en las dependencias del Liceo Modular el pasado viernes 11 de septiembre.<\/p>\n<p style=\"text-align: justify;\">Tradici\u00f3n y Cultura de Mi Pueblo como fue denominada, cont\u00f3 con la destacada participaci\u00f3n de Conjuntos Folcl\u00f3ricos de nuestra comuna como \u201cMapuketran\u201d, \u201dPasi\u00f3n Cuequera\u201d, \u00a0y el conjunto integrado por alumnos del Liceo \u201cVerde Valle\u201d entre otros, adem\u00e1s de la presentaci\u00f3n de cantores de nuestra comuna como Gabriel Quintrileo.<\/p>\n<p style=\"text-align: justify;\">Destacar que esta actividad se realiz\u00f3 con el sentido de reunir a la unidad educativa, en este caso a estudiantes, apoderados, profesores, asistentes educacionales, autoridades y p\u00fablico en general, para disfrutar de nuestras tradiciones y por otra parte tambi\u00e9n disfrutar de algunas comidas t\u00edpicas de nuestra cultura gastron\u00f3mica como las empanadas, navegado, sopaipillas, etc.<\/p>\n<p style=\"text-align: justify;\">Finalmente mencionar que ha cada grupo y cantante se le hizo entrega de un reconocimiento por la participaci\u00f3n de esta segunda Pe\u00f1a Folcl\u00f3rica \u201cTradici\u00f3n y Cultura de Mi Pueblo\u201d.<\/p>\n<p style=\"text-align: justify;\"><a href=\"https:\/\/www.facebook.com\/media\/set\/?set=a.1146632792018425.1073742598.159561284058919&amp;type=1&amp;l=08a3f9c2fa\">FOTOGRAF\u00cdAS &#8211; Liceo A -17 Realizo \u201cII Pe\u00f1a Folcl\u00f3rica\u201d<\/a><\/p>\n","protected":false},"excerpt":{"rendered":"<p>Yungay, El Liceo A-17 de nuestra comuna organizo la \u201cII Pe\u00f1a Folcl\u00f3rica\u201d, con motivo de la Celebraci\u00f3n de Fiestas Patrias 2015, la cual se realiz\u00f3 en las dependencias del Liceo Modular el pasado viernes&#46;&#46;&#46;<\/p>\n","protected":false},"author":2,"featured_media":13542,"comment_status":"open","ping_status":"open","sticky":false,"template":"","format":"standard","meta":{"footnotes":""},"categories":[3,5,1],"tags":[1146,1147,1115,8,6],"class_list":["post-13541","post","type-post","status-publish","format-standard","has-post-thumbnail","hentry","category-actualidad","category-eventos","category-noticias","tag-ii-pena-folclorica","tag-liceo-de-yungay","tag-noticias","tag-yungay","tag-yungayino"],"_links":{"self":[{"href":"https:\/\/www.yungayino.cl\/noticias\/index.php?rest_route=\/wp\/v2\/posts\/13541","targetHints":{"allow":["GET"]}}],"collection":[{"href":"https:\/\/www.yungayino.cl\/noticias\/index.php?rest_route=\/wp\/v2\/posts"}],"about":[{"href":"https:\/\/www.yungayino.cl\/noticias\/index.php?rest_route=\/wp\/v2\/types\/post"}],"author":[{"embeddable":true,"href":"https:\/\/www.yungayino.cl\/noticias\/index.php?rest_route=\/wp\/v2\/users\/2"}],"replies":[{"embeddable":true,"href":"https:\/\/www.yungayino.cl\/noticias\/index.php?rest_route=%2Fwp%2Fv2%2Fcomments&post=13541"}],"version-history":[{"count":3,"href":"https:\/\/www.yungayino.cl\/noticias\/index.php?rest_route=\/wp\/v2\/posts\/13541\/revisions"}],"predecessor-version":[{"id":13546,"href":"https:\/\/www.yungayino.cl\/noticias\/index.php?rest_route=\/wp\/v2\/posts\/13541\/revisions\/13546"}],"wp:featuredmedia":[{"embeddable":true,"href":"https:\/\/www.yungayino.cl\/noticias\/index.php?rest_route=\/wp\/v2\/media\/13542"}],"wp:attachment":[{"href":"https:\/\/www.yungayino.cl\/noticias\/index.php?rest_route=%2Fwp%2Fv2%2Fmedia&parent=13541"}],"wp:term":[{"taxonomy":"category","embeddable":true,"href":"https:\/\/www.yungayino.cl\/noticias\/index.php?rest_route=%2Fwp%2Fv2%2Fcategories&post=13541"},{"taxonomy":"post_tag","embeddable":true,"href":"https:\/\/www.yungayino.cl\/noticias\/index.php?rest_route=%2Fwp%2Fv2%2Ftags&post=13541"}],"curies":[{"name":"wp","href":"https:\/\/api.w.org\/{rel}","templated":true}]}}