{"id":13561,"date":"2015-09-16T22:45:10","date_gmt":"2015-09-17T01:45:10","guid":{"rendered":"http:\/\/www.yungayino.cl\/noticias\/?p=13561"},"modified":"2015-09-17T00:32:28","modified_gmt":"2015-09-17T03:32:28","slug":"escuela-especial-de-lenguaje-pinares-de-campanario-celebro-con-acto-inicio-fiestas-patrias-2015","status":"publish","type":"post","link":"https:\/\/www.yungayino.cl\/noticias\/?p=13561","title":{"rendered":"Escuela Especial de Lenguaje \u201cPinares\u201d de Campanario Celebro con Acto Inicio Fiestas Patrias 2015"},"content":{"rendered":"<p style=\"text-align: justify;\">Campanario, mi\u00e9rcoles 16 de septiembre 2015: Con un acto y una destacada participaci\u00f3n de los ni\u00f1os, t\u00edas, padres y apoderados, la Escuela Especial de Lenguaje \u201cPinares\u201d de Campanario, celebr\u00f3 el inicio de las actividades de las Fiestas Patrias 2015.<\/p>\n<p style=\"text-align: justify;\">La actividad comenz\u00f3 con la interpretaci\u00f3n del Himno Nacional y el izamiento de nuestra bandera y estuvo encabezada por su director Gustavo Fa\u00fandez, el alcalde Pedro Inostroza, la Directora del Departamento de Salud Municipal, Carolina Baeza, el Director del CESFAM Campanario, Andr\u00e9s Albornoz, Concejales, Padres y Apoderados.<\/p>\n<p style=\"text-align: justify;\">En la ocasi\u00f3n los peque\u00f1os que estaban debidamente vestidos con trajes tradicionales de nuestra tierra, realizaron variadas presentaciones art\u00edsticas de poes\u00edas, payas y bailes tradicionales, tambi\u00e9n se destac\u00f3 la participaci\u00f3n de las T\u00edas, quienes acompa\u00f1aron y apoyaron en todo momento a los ni\u00f1os(as) para que todo saliera hermoso.<\/p>\n<p style=\"text-align: justify;\">Finalmente terminado el acto los presentes compartieron en la ramada especialmente equipada degustaciones de ricas empanadas, sopaipillas, anticuchos, chilenitos, choripanes, tortillas, mote con huesillos, dulces etc.<\/p>\n<p style=\"text-align: justify;\"><a href=\"https:\/\/www.facebook.com\/media\/set\/?set=a.1146794028668968.1073742602.159561284058919&amp;type=1&amp;l=3462252b6f\">FOTOGRAF\u00cdAS &#8211; Escuela Especial de Lenguaje \u201cPinares\u201d de Campanario Celebro con Acto Inicio Fiestas Patrias 2015<\/a><\/p>\n","protected":false},"excerpt":{"rendered":"<p>Campanario, mi\u00e9rcoles 16 de septiembre 2015: Con un acto y una destacada participaci\u00f3n de los ni\u00f1os, t\u00edas, padres y apoderados, la Escuela Especial de Lenguaje \u201cPinares\u201d de Campanario, celebr\u00f3 el inicio de las actividades&#46;&#46;&#46;<\/p>\n","protected":false},"author":2,"featured_media":13554,"comment_status":"open","ping_status":"open","sticky":false,"template":"","format":"standard","meta":{"footnotes":""},"categories":[1],"tags":[31,1153,1115,8,6],"class_list":["post-13561","post","type-post","status-publish","format-standard","has-post-thumbnail","hentry","category-noticias","tag-campanario","tag-escuela-especial-de-lenguaje","tag-noticias","tag-yungay","tag-yungayino"],"_links":{"self":[{"href":"https:\/\/www.yungayino.cl\/noticias\/index.php?rest_route=\/wp\/v2\/posts\/13561","targetHints":{"allow":["GET"]}}],"collection":[{"href":"https:\/\/www.yungayino.cl\/noticias\/index.php?rest_route=\/wp\/v2\/posts"}],"about":[{"href":"https:\/\/www.yungayino.cl\/noticias\/index.php?rest_route=\/wp\/v2\/types\/post"}],"author":[{"embeddable":true,"href":"https:\/\/www.yungayino.cl\/noticias\/index.php?rest_route=\/wp\/v2\/users\/2"}],"replies":[{"embeddable":true,"href":"https:\/\/www.yungayino.cl\/noticias\/index.php?rest_route=%2Fwp%2Fv2%2Fcomments&post=13561"}],"version-history":[{"count":3,"href":"https:\/\/www.yungayino.cl\/noticias\/index.php?rest_route=\/wp\/v2\/posts\/13561\/revisions"}],"predecessor-version":[{"id":13569,"href":"https:\/\/www.yungayino.cl\/noticias\/index.php?rest_route=\/wp\/v2\/posts\/13561\/revisions\/13569"}],"wp:featuredmedia":[{"embeddable":true,"href":"https:\/\/www.yungayino.cl\/noticias\/index.php?rest_route=\/wp\/v2\/media\/13554"}],"wp:attachment":[{"href":"https:\/\/www.yungayino.cl\/noticias\/index.php?rest_route=%2Fwp%2Fv2%2Fmedia&parent=13561"}],"wp:term":[{"taxonomy":"category","embeddable":true,"href":"https:\/\/www.yungayino.cl\/noticias\/index.php?rest_route=%2Fwp%2Fv2%2Fcategories&post=13561"},{"taxonomy":"post_tag","embeddable":true,"href":"https:\/\/www.yungayino.cl\/noticias\/index.php?rest_route=%2Fwp%2Fv2%2Ftags&post=13561"}],"curies":[{"name":"wp","href":"https:\/\/api.w.org\/{rel}","templated":true}]}}