{"id":13578,"date":"2015-09-17T16:00:40","date_gmt":"2015-09-17T19:00:40","guid":{"rendered":"http:\/\/www.yungayino.cl\/noticias\/?p=13578"},"modified":"2015-09-17T22:02:35","modified_gmt":"2015-09-18T01:02:35","slug":"internos-del-centro-detencion-preventiva-de-yungay-realizan-actividad-con-motivo-de-fiestas-patrias-2015","status":"publish","type":"post","link":"https:\/\/www.yungayino.cl\/noticias\/?p=13578","title":{"rendered":"Internos del Centro Detenci\u00f3n Preventiva de Yungay Realizan Actividad con Motivo de Fiestas Patrias 2015"},"content":{"rendered":"<p style=\"text-align: justify;\">Yungay, mi\u00e9rcoles 16 de septiembre 2015: El Centro de Detenci\u00f3n Preventiva (C.D.P) Yungay, realizo una actividad organizada por la Capellan\u00eda Evang\u00e9lica CDP Yungay liderada por el Pastor Bernardo Leal para todos los internos con motivo de la celebraci\u00f3n de Fiestas Patrias 2015.<\/p>\n<p style=\"text-align: justify;\">El Capit\u00e1n Rodrigo Sol\u00eds O\u00f1ate, se\u00f1alo a nuestro equipo que la actividad consisti\u00f3 en una jornada, donde los internos pudieron compartir un peque\u00f1o pero significativo coctel dieciocheno organizado por la capellan\u00eda evang\u00e9lica.<\/p>\n<p style=\"text-align: justify;\">Por su parte el Pastor Bernardo Leal se\u00f1alo que como capellan\u00eda ellos han querido realizar esta hermosa actividad de integraci\u00f3n solidaria y como parte de su compromiso de ayuda espiritual y tambi\u00e9n de apoyo para la reinserci\u00f3n social, donde destaca el programa que llevan a cabo con los internos de forma voluntaria, <strong>Amando al Preso, Amaras a Cristo<\/strong> \u201cA.P.A.C\u201d, finalmente se\u00f1alo que esta actividad permite que los internos se distraigan y no se sientan tan aislados de la sociedad.<\/p>\n<p style=\"text-align: justify;\">Tambi\u00e9n indic\u00f3 que tendr\u00e1n la visita de sus familiares y la comunidad evang\u00e9lica, adem\u00e1s el 18 de septiembre como ya es tradicional en la comuna ser\u00e1n visitados por las autoridades locales de Yungay.<\/p>\n<p style=\"text-align: justify;\"><a href=\"https:\/\/www.facebook.com\/media\/set\/?set=a.1147210058627365.1073742605.159561284058919&amp;type=1&amp;l=9fea61be35\">FOTOGRAF\u00cdAS &#8211; Internos del Centro Detenci\u00f3n Preventiva de Yungay Realizan Actividad con Motivo de Fiestas Patrias 2015<\/a><\/p>\n","protected":false},"excerpt":{"rendered":"<p>Yungay, mi\u00e9rcoles 16 de septiembre 2015: El Centro de Detenci\u00f3n Preventiva (C.D.P) Yungay, realizo una actividad organizada por la Capellan\u00eda Evang\u00e9lica CDP Yungay liderada por el Pastor Bernardo Leal para todos los internos con&#46;&#46;&#46;<\/p>\n","protected":false},"author":2,"featured_media":13581,"comment_status":"open","ping_status":"open","sticky":false,"template":"","format":"standard","meta":{"footnotes":""},"categories":[1],"tags":[494,528,361,1115,8,6],"class_list":["post-13578","post","type-post","status-publish","format-standard","has-post-thumbnail","hentry","category-noticias","tag-carcel","tag-fiestas-patrias","tag-gendarmeria","tag-noticias","tag-yungay","tag-yungayino"],"_links":{"self":[{"href":"https:\/\/www.yungayino.cl\/noticias\/index.php?rest_route=\/wp\/v2\/posts\/13578","targetHints":{"allow":["GET"]}}],"collection":[{"href":"https:\/\/www.yungayino.cl\/noticias\/index.php?rest_route=\/wp\/v2\/posts"}],"about":[{"href":"https:\/\/www.yungayino.cl\/noticias\/index.php?rest_route=\/wp\/v2\/types\/post"}],"author":[{"embeddable":true,"href":"https:\/\/www.yungayino.cl\/noticias\/index.php?rest_route=\/wp\/v2\/users\/2"}],"replies":[{"embeddable":true,"href":"https:\/\/www.yungayino.cl\/noticias\/index.php?rest_route=%2Fwp%2Fv2%2Fcomments&post=13578"}],"version-history":[{"count":2,"href":"https:\/\/www.yungayino.cl\/noticias\/index.php?rest_route=\/wp\/v2\/posts\/13578\/revisions"}],"predecessor-version":[{"id":13584,"href":"https:\/\/www.yungayino.cl\/noticias\/index.php?rest_route=\/wp\/v2\/posts\/13578\/revisions\/13584"}],"wp:featuredmedia":[{"embeddable":true,"href":"https:\/\/www.yungayino.cl\/noticias\/index.php?rest_route=\/wp\/v2\/media\/13581"}],"wp:attachment":[{"href":"https:\/\/www.yungayino.cl\/noticias\/index.php?rest_route=%2Fwp%2Fv2%2Fmedia&parent=13578"}],"wp:term":[{"taxonomy":"category","embeddable":true,"href":"https:\/\/www.yungayino.cl\/noticias\/index.php?rest_route=%2Fwp%2Fv2%2Fcategories&post=13578"},{"taxonomy":"post_tag","embeddable":true,"href":"https:\/\/www.yungayino.cl\/noticias\/index.php?rest_route=%2Fwp%2Fv2%2Ftags&post=13578"}],"curies":[{"name":"wp","href":"https:\/\/api.w.org\/{rel}","templated":true}]}}