{"id":13585,"date":"2015-09-17T20:00:03","date_gmt":"2015-09-17T23:00:03","guid":{"rendered":"http:\/\/www.yungayino.cl\/noticias\/?p=13585"},"modified":"2015-09-17T22:05:58","modified_gmt":"2015-09-18T01:05:58","slug":"con-gran-cuecaton-liceo-a-17-de-yungay-celebro-el-inicio-de-la-fiestas-patrias-2015","status":"publish","type":"post","link":"https:\/\/www.yungayino.cl\/noticias\/?p=13585","title":{"rendered":"Con Gran \u201cCuecat\u00f3n\u201d Liceo A-17 de Yungay Celebro el inicio de la Fiestas Patrias 2015"},"content":{"rendered":"<p style=\"text-align: justify;\">Yungay, mi\u00e9rcoles 17 de septiembre 2015: Al igual como a\u00f1os anteriores el Liceo A -17 de nuestra comuna, organizo una Gran \u201cCuecat\u00f3n\u201d como parte del inicio de la celebraci\u00f3n de la Fiestas Patrias 2015.<\/p>\n<p style=\"text-align: justify;\">La actividad se llev\u00f3 a cabo frente a la Plaza Iquique, donde cientos de alumnos tanto del Liceo como de otros colegios mostraban como aprecian y bailan nuestra danza nacional. El p\u00fablico que transitaba por el lugar pudo disfrutar por m\u00e1s de tres horas.<\/p>\n<p style=\"text-align: justify;\">Finalmente destacar que tambi\u00e9n estuvieron presentes nuestros Campeones Provinciales de Cueca, compuesto por la pareja de Meyli Sald\u00edas y Mart\u00edn Vald\u00e9s, alumnos del Liceo A -17, quienes ganaron el \u201cXXXVI Concurso Provincial de Cueca Escolar 2015\u201d, realizado en la comuna de Pinto el pasado martes 15 de septiembre.<\/p>\n<p style=\"text-align: justify;\"><a href=\"https:\/\/www.facebook.com\/media\/set\/?set=a.1147220741959630.1073742606.159561284058919&amp;type=1&amp;l=5decff18ba\">FOTOGRAF\u00cdAS &#8211; Con Gran <strong>\u201cCuecat\u00f3n\u201d<\/strong> Liceo A-17 de Yungay Celebro el inicio de la Fiestas Patrias 2015<\/a><\/p>\n","protected":false},"excerpt":{"rendered":"<p>Yungay, mi\u00e9rcoles 17 de septiembre 2015: Al igual como a\u00f1os anteriores el Liceo A -17 de nuestra comuna, organizo una Gran \u201cCuecat\u00f3n\u201d como parte del inicio de la celebraci\u00f3n de la Fiestas Patrias 2015.&#46;&#46;&#46;<\/p>\n","protected":false},"author":2,"featured_media":13579,"comment_status":"open","ping_status":"open","sticky":false,"template":"","format":"standard","meta":{"footnotes":""},"categories":[5,1],"tags":[941,1145,89,1115,8,6],"class_list":["post-13585","post","type-post","status-publish","format-standard","has-post-thumbnail","hentry","category-eventos","category-noticias","tag-cuecaton","tag-fiestas-patrias-2015","tag-liceo-yungay","tag-noticias","tag-yungay","tag-yungayino"],"_links":{"self":[{"href":"https:\/\/www.yungayino.cl\/noticias\/index.php?rest_route=\/wp\/v2\/posts\/13585","targetHints":{"allow":["GET"]}}],"collection":[{"href":"https:\/\/www.yungayino.cl\/noticias\/index.php?rest_route=\/wp\/v2\/posts"}],"about":[{"href":"https:\/\/www.yungayino.cl\/noticias\/index.php?rest_route=\/wp\/v2\/types\/post"}],"author":[{"embeddable":true,"href":"https:\/\/www.yungayino.cl\/noticias\/index.php?rest_route=\/wp\/v2\/users\/2"}],"replies":[{"embeddable":true,"href":"https:\/\/www.yungayino.cl\/noticias\/index.php?rest_route=%2Fwp%2Fv2%2Fcomments&post=13585"}],"version-history":[{"count":1,"href":"https:\/\/www.yungayino.cl\/noticias\/index.php?rest_route=\/wp\/v2\/posts\/13585\/revisions"}],"predecessor-version":[{"id":13586,"href":"https:\/\/www.yungayino.cl\/noticias\/index.php?rest_route=\/wp\/v2\/posts\/13585\/revisions\/13586"}],"wp:featuredmedia":[{"embeddable":true,"href":"https:\/\/www.yungayino.cl\/noticias\/index.php?rest_route=\/wp\/v2\/media\/13579"}],"wp:attachment":[{"href":"https:\/\/www.yungayino.cl\/noticias\/index.php?rest_route=%2Fwp%2Fv2%2Fmedia&parent=13585"}],"wp:term":[{"taxonomy":"category","embeddable":true,"href":"https:\/\/www.yungayino.cl\/noticias\/index.php?rest_route=%2Fwp%2Fv2%2Fcategories&post=13585"},{"taxonomy":"post_tag","embeddable":true,"href":"https:\/\/www.yungayino.cl\/noticias\/index.php?rest_route=%2Fwp%2Fv2%2Ftags&post=13585"}],"curies":[{"name":"wp","href":"https:\/\/api.w.org\/{rel}","templated":true}]}}