{"id":13587,"date":"2015-09-17T21:00:13","date_gmt":"2015-09-18T00:00:13","guid":{"rendered":"http:\/\/www.yungayino.cl\/noticias\/?p=13587"},"modified":"2015-09-17T22:25:39","modified_gmt":"2015-09-18T01:25:39","slug":"realizan-te-deum-catolico-en-la-capilla-san-jose-de-campanario","status":"publish","type":"post","link":"https:\/\/www.yungayino.cl\/noticias\/?p=13587","title":{"rendered":"Realizan Te Deum Cat\u00f3lico en la Capilla San Jos\u00e9 de Campanario"},"content":{"rendered":"<p style=\"text-align: justify;\">Campanario, jueves 17 de septiembre 2015: La comunidad Cat\u00f3lica de Campanario realiz\u00f3 su tradicional Te Deum en honor a la Patria en la Capilla San Jos\u00e9, donde se hicieron presentes el alcalde Pedro Inostroza Valenzuela, el Honorable Consejo Municipal, autoridades y la comunidad en general.<\/p>\n<p style=\"text-align: justify;\">La misa de Eucarist\u00eda fue presidida por el Sacerdote Bernardo \u00c1lvarez, qui\u00e9n hizo un llamado a las autoridades a seguir trabajando unidos por el bien de la comuna, tambi\u00e9n orar por la familia y la paz del mundo y en especial por todos los afectados por el reciente Terremoto que afect\u00f3 el norte de nuestro pa\u00eds.<\/p>\n<p style=\"text-align: justify;\">El alcalde Pedro Inostroza se\u00f1alo que la ceremonia religiosa estuvo muy linda y reitero sus felicitaciones a toda la comunidad cat\u00f3lica de Campanario por lo hermoso que ha quedado la Capilla San Jos\u00e9. Tambi\u00e9n el edil indico que por causa del terremoto que afect\u00f3 al pa\u00eds, se debi\u00f3 suspender las clases por lo tanto lo m\u00e1s apropiado fue suspender el tradicional desfile, pero sin embargo terminada la eucarist\u00eda todos los presentes se trasladaron al Gimnasio Multiuso para brindar el tradicional vino de honor con la comunidad de Campanario y alrededores.<\/p>\n<p style=\"text-align: justify;\"><a href=\"https:\/\/www.facebook.com\/media\/set\/?set=a.1147227971958907.1073742607.159561284058919&amp;type=1&amp;l=0ff528eaeb\">FOTOGRAF\u00cdAS &#8211; Realizan Te Deum Cat\u00f3lico en la Capilla San Jos\u00e9 de Campanario<\/a><\/p>\n","protected":false},"excerpt":{"rendered":"<p>Campanario, jueves 17 de septiembre 2015: La comunidad Cat\u00f3lica de Campanario realiz\u00f3 su tradicional Te Deum en honor a la Patria en la Capilla San Jos\u00e9, donde se hicieron presentes el alcalde Pedro Inostroza&#46;&#46;&#46;<\/p>\n","protected":false},"author":2,"featured_media":13582,"comment_status":"open","ping_status":"open","sticky":false,"template":"","format":"standard","meta":{"footnotes":""},"categories":[1],"tags":[31,1115,8,6],"class_list":["post-13587","post","type-post","status-publish","format-standard","has-post-thumbnail","hentry","category-noticias","tag-campanario","tag-noticias","tag-yungay","tag-yungayino"],"_links":{"self":[{"href":"https:\/\/www.yungayino.cl\/noticias\/index.php?rest_route=\/wp\/v2\/posts\/13587","targetHints":{"allow":["GET"]}}],"collection":[{"href":"https:\/\/www.yungayino.cl\/noticias\/index.php?rest_route=\/wp\/v2\/posts"}],"about":[{"href":"https:\/\/www.yungayino.cl\/noticias\/index.php?rest_route=\/wp\/v2\/types\/post"}],"author":[{"embeddable":true,"href":"https:\/\/www.yungayino.cl\/noticias\/index.php?rest_route=\/wp\/v2\/users\/2"}],"replies":[{"embeddable":true,"href":"https:\/\/www.yungayino.cl\/noticias\/index.php?rest_route=%2Fwp%2Fv2%2Fcomments&post=13587"}],"version-history":[{"count":3,"href":"https:\/\/www.yungayino.cl\/noticias\/index.php?rest_route=\/wp\/v2\/posts\/13587\/revisions"}],"predecessor-version":[{"id":13592,"href":"https:\/\/www.yungayino.cl\/noticias\/index.php?rest_route=\/wp\/v2\/posts\/13587\/revisions\/13592"}],"wp:featuredmedia":[{"embeddable":true,"href":"https:\/\/www.yungayino.cl\/noticias\/index.php?rest_route=\/wp\/v2\/media\/13582"}],"wp:attachment":[{"href":"https:\/\/www.yungayino.cl\/noticias\/index.php?rest_route=%2Fwp%2Fv2%2Fmedia&parent=13587"}],"wp:term":[{"taxonomy":"category","embeddable":true,"href":"https:\/\/www.yungayino.cl\/noticias\/index.php?rest_route=%2Fwp%2Fv2%2Fcategories&post=13587"},{"taxonomy":"post_tag","embeddable":true,"href":"https:\/\/www.yungayino.cl\/noticias\/index.php?rest_route=%2Fwp%2Fv2%2Ftags&post=13587"}],"curies":[{"name":"wp","href":"https:\/\/api.w.org\/{rel}","templated":true}]}}