{"id":13597,"date":"2015-09-18T20:00:10","date_gmt":"2015-09-18T23:00:10","guid":{"rendered":"http:\/\/www.yungayino.cl\/noticias\/?p=13597"},"modified":"2015-09-19T00:59:35","modified_gmt":"2015-09-19T03:59:35","slug":"ceremonia-de-premiacion-finalizacion-2-trimestre-colegio-cholguan","status":"publish","type":"post","link":"https:\/\/www.yungayino.cl\/noticias\/?p=13597","title":{"rendered":"Ceremonia de Premiaci\u00f3n Finalizaci\u00f3n 2\u00b0 Trimestre Colegio Cholgu\u00e1n"},"content":{"rendered":"<p style=\"text-align: justify;\">Cholgu\u00e1n, en el Sal\u00f3n Multiuso del Colegio Cholgu\u00e1n se realiz\u00f3 la ceremonia de premiaci\u00f3n escolar con motivo del t\u00e9rmino del segundo trimestre escolar del a\u00f1o en curso.<\/p>\n<p style=\"text-align: justify;\">La ceremonia estuvo encabezada por su directora se\u00f1ora Cesia Leiva Troncoso, junto a los profesores, apoderados y alumnos. La premiaci\u00f3n contempl\u00f3 la entrega de diplomas y medallas a alumnos y cursos que se han destacado durante este periodo escolar, entregando reconocimiento a los alumnos que participaron durante el trimestre en las distintas academias extraescolares, adem\u00e1s en la ocasi\u00f3n se premi\u00f3 a tres alumnos integrales por curso, tambi\u00e9n al curso con mejor asistencia.<\/p>\n<p style=\"text-align: justify;\">Finalmente la directora destac\u00f3 el trabajo y esfuerzo que realizan los alumnos junto a sus profesores, asistentes de la educaci\u00f3n y el apoyo permanente de los padres en la formaci\u00f3n.<\/p>\n<p style=\"text-align: justify;\"><a href=\"https:\/\/www.facebook.com\/media\/set\/?set=a.1147990721882632.1073742609.159561284058919&amp;type=1&amp;l=4092ccfee8\">FOTOGRAF\u00cdAS &#8211; Ceremonia de Premiaci\u00f3n Finalizaci\u00f3n 2\u00b0 Trimestre Colegio Cholgu\u00e1n<\/a><\/p>\n<p style=\"text-align: justify;\">\n","protected":false},"excerpt":{"rendered":"<p>Cholgu\u00e1n, en el Sal\u00f3n Multiuso del Colegio Cholgu\u00e1n se realiz\u00f3 la ceremonia de premiaci\u00f3n escolar con motivo del t\u00e9rmino del segundo trimestre escolar del a\u00f1o en curso. La ceremonia estuvo encabezada por su directora&#46;&#46;&#46;<\/p>\n","protected":false},"author":2,"featured_media":13599,"comment_status":"open","ping_status":"open","sticky":false,"template":"","format":"standard","meta":{"footnotes":""},"categories":[1],"tags":[35,87,1115,8,6],"class_list":["post-13597","post","type-post","status-publish","format-standard","has-post-thumbnail","hentry","category-noticias","tag-cholguan","tag-colegio-cholguan","tag-noticias","tag-yungay","tag-yungayino"],"_links":{"self":[{"href":"https:\/\/www.yungayino.cl\/noticias\/index.php?rest_route=\/wp\/v2\/posts\/13597","targetHints":{"allow":["GET"]}}],"collection":[{"href":"https:\/\/www.yungayino.cl\/noticias\/index.php?rest_route=\/wp\/v2\/posts"}],"about":[{"href":"https:\/\/www.yungayino.cl\/noticias\/index.php?rest_route=\/wp\/v2\/types\/post"}],"author":[{"embeddable":true,"href":"https:\/\/www.yungayino.cl\/noticias\/index.php?rest_route=\/wp\/v2\/users\/2"}],"replies":[{"embeddable":true,"href":"https:\/\/www.yungayino.cl\/noticias\/index.php?rest_route=%2Fwp%2Fv2%2Fcomments&post=13597"}],"version-history":[{"count":2,"href":"https:\/\/www.yungayino.cl\/noticias\/index.php?rest_route=\/wp\/v2\/posts\/13597\/revisions"}],"predecessor-version":[{"id":13601,"href":"https:\/\/www.yungayino.cl\/noticias\/index.php?rest_route=\/wp\/v2\/posts\/13597\/revisions\/13601"}],"wp:featuredmedia":[{"embeddable":true,"href":"https:\/\/www.yungayino.cl\/noticias\/index.php?rest_route=\/wp\/v2\/media\/13599"}],"wp:attachment":[{"href":"https:\/\/www.yungayino.cl\/noticias\/index.php?rest_route=%2Fwp%2Fv2%2Fmedia&parent=13597"}],"wp:term":[{"taxonomy":"category","embeddable":true,"href":"https:\/\/www.yungayino.cl\/noticias\/index.php?rest_route=%2Fwp%2Fv2%2Fcategories&post=13597"},{"taxonomy":"post_tag","embeddable":true,"href":"https:\/\/www.yungayino.cl\/noticias\/index.php?rest_route=%2Fwp%2Fv2%2Ftags&post=13597"}],"curies":[{"name":"wp","href":"https:\/\/api.w.org\/{rel}","templated":true}]}}