{"id":13602,"date":"2015-09-18T22:00:25","date_gmt":"2015-09-19T01:00:25","guid":{"rendered":"http:\/\/www.yungayino.cl\/noticias\/?p=13602"},"modified":"2015-09-19T00:59:01","modified_gmt":"2015-09-19T03:59:01","slug":"fiestas-patrias-2015-inauguran-ramadas-en-sector-rural-y-urbano-de-yungay","status":"publish","type":"post","link":"https:\/\/www.yungayino.cl\/noticias\/?p=13602","title":{"rendered":"Fiestas Patrias 2015: Inauguran Ramadas en Sector Rural y Urbano de Yungay"},"content":{"rendered":"<p style=\"text-align: justify;\">Yungay, viernes 18 de septiembre 2015: Durante la tarde de este jueves 17 de septiembre a partir de las 16:00 horas como estaba programado comenz\u00f3 la inauguraci\u00f3n de las ramadas oficiales de nuestra comuna, siendo las ramadas de la zona rural del Sector de San Antonio y Los Mayos en ser las primeras en inaugurarse con el tradicional corte de cinta y pie de cueca, que daban los primeros signos del inicio de la celebraciones por las fiestas patrias en nuestra comuna.<\/p>\n<p style=\"text-align: justify;\">El Edil Yungayino Pedro Inostroza Valenzuela, quien tambi\u00e9n bail\u00f3 nuestra danza nacional, realiz\u00f3 el brindis haciendo el llamado a la comunidad para celebrar de buena forma estas fiestas, sin antes recordar a quienes est\u00e1n sufriendo en la tragedia en el norte del pa\u00eds.<\/p>\n<p style=\"text-align: justify;\">Bajo las melod\u00edas y cuecas interpretadas por el grupo folcl\u00f3rico \u201cSurcos de mi Tierra\u201d liderados por el profesor Ram\u00f3n Pino m\u00e1s conocido como \u201cDon Delfa\u201d, las parejas salieron a bailar nuestra cueca, donde la primera autoridad comunal, Pedro Inostroza Valenzuela era acompa\u00f1ado por los concejales Ang\u00e9lica Cabezas, Juan Quezada, Marco Cuevas y Rafael Cifuentes, adem\u00e1s de autoridades como el Mayor de Carabineros, Darwin Illanes, el Capit\u00e1n Nicol\u00e1s Donoso y el Director del Hospital Osvaldo Acevedo Guti\u00e9rrez.<\/p>\n<p style=\"text-align: justify;\">Posteriormente la primera autoridad acompa\u00f1ada tambi\u00e9n por la Directora del Departamento de Salud Municipal, Carolina Baeza y el Director del CESFAM Campanario, Andr\u00e9s Albornoz, el Administrador Municipal Alexis P\u00e9rez y los funcionarios municipales se trasladaron a la localidad de San Miguel de Itata y Campanario, donde en medio de gran jolgorio popular fueron recibidos por los vecinos que esperaban el tradicional corte de cinta para comenzar la celebraci\u00f3n.<\/p>\n<p style=\"text-align: justify;\">A las 19:30 horas, con un escenario preparado para la ocasi\u00f3n y con la compa\u00f1\u00eda del conjunto folcl\u00f3rico Mapuketr\u00e1n, fue el turno de la inauguraci\u00f3n de las fondas del sector urbano, donde la primera autoridad comparti\u00f3 e hizo entrega de un regalo a cada fondero y les dese\u00f3 que le fuera muy bien, tambi\u00e9n hizo un llamado a la comunidad a compartir en unidad y disfrutar de estas Fiestas Patrias 2015.<\/p>\n<p style=\"text-align: justify;\">Finalmente se espera que los vecinos de la comuna y los visitantes puedan disfrutar de forma sana estos d\u00edas de fiestas dieciocheras, recordando que ya se encuentra en vigencia la Ley Emilia, que endurece las penas para quienes sean sorprendidos conduciendo en estado de ebriedad, penas que se agravan si estos adem\u00e1s causan lesiones en accidentes de tr\u00e1nsito\u2026 por ello no manejes con alcohol, ni conduzcas a exceso de velocidad<strong>. \u00a1Felices Fiestas!<\/strong><\/p>\n<p style=\"text-align: justify;\"><a href=\"https:\/\/www.facebook.com\/media\/set\/?set=a.1148002251881479.1073742610.159561284058919&amp;type=1&amp;l=6e3e0a2f41\">FOTOGRAF\u00cdAS &#8211; Fiestas Patrias 2015: Inauguran Ramadas en Sector Rural y Urbano de Yungay<\/a><\/p>\n","protected":false},"excerpt":{"rendered":"<p>Yungay, viernes 18 de septiembre 2015: Durante la tarde de este jueves 17 de septiembre a partir de las 16:00 horas como estaba programado comenz\u00f3 la inauguraci\u00f3n de las ramadas oficiales de nuestra comuna,&#46;&#46;&#46;<\/p>\n","protected":false},"author":2,"featured_media":13598,"comment_status":"open","ping_status":"open","sticky":false,"template":"","format":"standard","meta":{"footnotes":""},"categories":[3,5,14,1,15],"tags":[1145,943,1115,8,6],"class_list":["post-13602","post","type-post","status-publish","format-standard","has-post-thumbnail","hentry","category-actualidad","category-eventos","category-historia","category-noticias","category-turismo","tag-fiestas-patrias-2015","tag-inauguracion-ramadas","tag-noticias","tag-yungay","tag-yungayino"],"_links":{"self":[{"href":"https:\/\/www.yungayino.cl\/noticias\/index.php?rest_route=\/wp\/v2\/posts\/13602","targetHints":{"allow":["GET"]}}],"collection":[{"href":"https:\/\/www.yungayino.cl\/noticias\/index.php?rest_route=\/wp\/v2\/posts"}],"about":[{"href":"https:\/\/www.yungayino.cl\/noticias\/index.php?rest_route=\/wp\/v2\/types\/post"}],"author":[{"embeddable":true,"href":"https:\/\/www.yungayino.cl\/noticias\/index.php?rest_route=\/wp\/v2\/users\/2"}],"replies":[{"embeddable":true,"href":"https:\/\/www.yungayino.cl\/noticias\/index.php?rest_route=%2Fwp%2Fv2%2Fcomments&post=13602"}],"version-history":[{"count":3,"href":"https:\/\/www.yungayino.cl\/noticias\/index.php?rest_route=\/wp\/v2\/posts\/13602\/revisions"}],"predecessor-version":[{"id":13605,"href":"https:\/\/www.yungayino.cl\/noticias\/index.php?rest_route=\/wp\/v2\/posts\/13602\/revisions\/13605"}],"wp:featuredmedia":[{"embeddable":true,"href":"https:\/\/www.yungayino.cl\/noticias\/index.php?rest_route=\/wp\/v2\/media\/13598"}],"wp:attachment":[{"href":"https:\/\/www.yungayino.cl\/noticias\/index.php?rest_route=%2Fwp%2Fv2%2Fmedia&parent=13602"}],"wp:term":[{"taxonomy":"category","embeddable":true,"href":"https:\/\/www.yungayino.cl\/noticias\/index.php?rest_route=%2Fwp%2Fv2%2Fcategories&post=13602"},{"taxonomy":"post_tag","embeddable":true,"href":"https:\/\/www.yungayino.cl\/noticias\/index.php?rest_route=%2Fwp%2Fv2%2Ftags&post=13602"}],"curies":[{"name":"wp","href":"https:\/\/api.w.org\/{rel}","templated":true}]}}