{"id":13606,"date":"2015-09-19T15:00:55","date_gmt":"2015-09-19T18:00:55","guid":{"rendered":"http:\/\/www.yungayino.cl\/noticias\/?p=13606"},"modified":"2015-09-19T20:31:34","modified_gmt":"2015-09-19T23:31:34","slug":"comunidad-yungayina-participo-masivamente-del-desfile-de-fiestas-patrias-2015","status":"publish","type":"post","link":"https:\/\/www.yungayino.cl\/noticias\/?p=13606","title":{"rendered":"Comunidad Yungayina Particip\u00f3 Masivamente del Desfile de Fiestas Patrias 2015"},"content":{"rendered":"<p style=\"text-align: justify;\">Yungay, viernes 18 de septiembre 2015: El acto C\u00edvico y desfile de celebraci\u00f3n de Fiestas Patrias cumpli\u00f3 con todo lo que un evento de estas caracter\u00edsticas requiere, una gran asistencia de p\u00fablico, adem\u00e1s de una gran participaci\u00f3n por parte de las organizaciones vivas de la comuna, lo que dio a\u00fan m\u00e1s realce y emotividad a la jornada.<\/p>\n<p style=\"text-align: justify;\"><strong>Tedeum:<\/strong><\/p>\n<p style=\"text-align: justify;\">La jornada se inici\u00f3 cerca de las 11 de la ma\u00f1ana con la Misa de Acci\u00f3n de Gracias en Parroquia San Miguel, como es tradicional \u00e9l Tedeum, donde se hicieron presentes el alcalde Pedro Inostroza, el Honorable Consejo Municipal, autoridades y la comunidad en general.<\/p>\n<p style=\"text-align: justify;\">La misa de Eucarist\u00eda fue presidida por el Sacerdote Nelson Jara, qui\u00e9n hizo un llamado a las autoridades a seguir trabajando unidos por el bien de la comuna, la familia, la paz del mundo e hizo un llamado especial a orar por la familias que fueron afectadas por el terremoto del norte de nuestro pa\u00eds.<\/p>\n<p style=\"text-align: justify;\">Tambi\u00e9n el sacerdote hizo un llamado para unir fuerzas e ideas en el apoyo para que Yungay sea Capital Provincial con respecto a la futura Regi\u00f3n de \u00d1uble.<\/p>\n<p style=\"text-align: justify;\">Finalmente y como es tradicional la comunidad se despidi\u00f3 del Sacerdote, Nelson Jara para luego trasladarse a presenciar del Acto y Desfile de Fiestas Patrias 2015.<\/p>\n<p style=\"text-align: justify;\"><strong>Acto y Desfile:<\/strong><\/p>\n<p style=\"text-align: justify;\">La ceremonia del acto y desfile de Fiestas Patrias en que celebramos el bicent\u00e9simo quinto aniversario se dio inicio con nuestro Himno Nacional, mientras el Pabell\u00f3n Patrio era izado en su m\u00e1stil de honor por los profesores de la Escuela Fernando Baquedano Carolina Guzm\u00e1n y Jorge Campos.<\/p>\n<p style=\"text-align: justify;\">Luego se continu\u00f3 con una Alocuci\u00f3n Patri\u00f3tica dirigida por el profesor Zoilo Irarr\u00e1zaval, donde explico lo que significaba la hermosa palabra de Chile, la que identifica a la gente nacida en esta tierra. Una tierra plena de aromas de nuestros campos, de nuestras ciudades y de nuestras gentes, herencia legada en el valor, en el sacrificio y en el amor de quienes nos precedieron.<\/p>\n<p style=\"text-align: justify;\">El Taller de Danza de la Escuela Fernando Baquedano, dirigido por la monitora Srta. Ana Oliva realiz\u00f3 una hermosa coreograf\u00eda folcl\u00f3rica en honor a la Patria.<\/p>\n<p style=\"text-align: justify;\">Tambi\u00e9n en la oportunidad el Club Rotario de Yungay hizo entrega de manos de su presidente el Sr. Gabriel Quintrileo, un galvano de reconocimiento a la Agrupaci\u00f3n Folcl\u00f3rica \u201cCantares de Yungay\u201d, por su gran trayectoria aportando cultura, difusi\u00f3n de nuestro folclor y tradiciones en nuestra comuna.<\/p>\n<p style=\"text-align: justify;\">Por su parte el alcalde Pedro Inostroza Valenzuela se dirigi\u00f3 a los presentes dando un mensaje a seguir trabajando en unidad por el crecimiento y desarrollo de nuestra comuna, tambi\u00e9n hizo un llamado para trabajar en el apoyo para que Yungay sea Capital de la Provincia de Diguill\u00edn y la futura Regi\u00f3n de \u00d1uble.<\/p>\n<p style=\"text-align: justify;\">Finalmente se dio inicio al desfile donde la gran cantidad de p\u00fablico asistente vieron como las agrupaciones de Adultos Mayores, Clubes Deportivos, Unidades Educativas, Bomberos, Funcionarios P\u00fablicos y Clubes de Huasos, entre otras organizaciones desfilaron de manera impecable a los sones de la Banda de Guerra de Yungay.<\/p>\n<p style=\"text-align: justify;\"><a href=\"https:\/\/www.facebook.com\/media\/set\/?set=a.1148497568498614.1073742611.159561284058919&amp;type=1&amp;l=5310c4e52a\">FOTOGRAF\u00cdAS &#8211; Tedeum Cat\u00f3lico en Fiestas Patrias<\/a><\/p>\n<p style=\"text-align: justify;\"><a href=\"https:\/\/www.facebook.com\/media\/set\/?set=a.1148503835164654.1073742612.159561284058919&amp;type=1&amp;l=a406966c48\">FOTOGRAF\u00cdAS \u2013 Desfile (Primera Parte)<\/a><\/p>\n<p style=\"text-align: justify;\"><a href=\"https:\/\/www.facebook.com\/media\/set\/?set=a.1148512495163788.1073742613.159561284058919&amp;type=1&amp;l=a1f6dc0e9e\">FOTOGRAF\u00cdAS \u2013 Desfile (Segunda Parte)<\/a><\/p>\n<p style=\"text-align: justify;\"><a href=\"https:\/\/www.facebook.com\/media\/set\/?set=a.1148540465160991.1073742614.159561284058919&amp;type=1&amp;l=2a85870fe0\">FOTOGRAF\u00cdAS \u2013 Desfile (Tercera Parte)<\/a><\/p>\n<p style=\"text-align: justify;\"><a href=\"https:\/\/www.facebook.com\/media\/set\/?set=a.1148578948490476.1073742615.159561284058919&amp;type=1&amp;l=5a446e07fa\">FOTOGRAF\u00cdAS \u2013 Desfile (Cuarta Parte)<\/a><\/p>\n","protected":false},"excerpt":{"rendered":"<p>Yungay, viernes 18 de septiembre 2015: El acto C\u00edvico y desfile de celebraci\u00f3n de Fiestas Patrias cumpli\u00f3 con todo lo que un evento de estas caracter\u00edsticas requiere, una gran asistencia de p\u00fablico, adem\u00e1s de&#46;&#46;&#46;<\/p>\n","protected":false},"author":2,"featured_media":13610,"comment_status":"open","ping_status":"open","sticky":false,"template":"","format":"standard","meta":{"footnotes":""},"categories":[3,5,14,1,15],"tags":[1145,1115,945,8,6],"class_list":["post-13606","post","type-post","status-publish","format-standard","has-post-thumbnail","hentry","category-actualidad","category-eventos","category-historia","category-noticias","category-turismo","tag-fiestas-patrias-2015","tag-noticias","tag-tedeum","tag-yungay","tag-yungayino"],"_links":{"self":[{"href":"https:\/\/www.yungayino.cl\/noticias\/index.php?rest_route=\/wp\/v2\/posts\/13606","targetHints":{"allow":["GET"]}}],"collection":[{"href":"https:\/\/www.yungayino.cl\/noticias\/index.php?rest_route=\/wp\/v2\/posts"}],"about":[{"href":"https:\/\/www.yungayino.cl\/noticias\/index.php?rest_route=\/wp\/v2\/types\/post"}],"author":[{"embeddable":true,"href":"https:\/\/www.yungayino.cl\/noticias\/index.php?rest_route=\/wp\/v2\/users\/2"}],"replies":[{"embeddable":true,"href":"https:\/\/www.yungayino.cl\/noticias\/index.php?rest_route=%2Fwp%2Fv2%2Fcomments&post=13606"}],"version-history":[{"count":7,"href":"https:\/\/www.yungayino.cl\/noticias\/index.php?rest_route=\/wp\/v2\/posts\/13606\/revisions"}],"predecessor-version":[{"id":13614,"href":"https:\/\/www.yungayino.cl\/noticias\/index.php?rest_route=\/wp\/v2\/posts\/13606\/revisions\/13614"}],"wp:featuredmedia":[{"embeddable":true,"href":"https:\/\/www.yungayino.cl\/noticias\/index.php?rest_route=\/wp\/v2\/media\/13610"}],"wp:attachment":[{"href":"https:\/\/www.yungayino.cl\/noticias\/index.php?rest_route=%2Fwp%2Fv2%2Fmedia&parent=13606"}],"wp:term":[{"taxonomy":"category","embeddable":true,"href":"https:\/\/www.yungayino.cl\/noticias\/index.php?rest_route=%2Fwp%2Fv2%2Fcategories&post=13606"},{"taxonomy":"post_tag","embeddable":true,"href":"https:\/\/www.yungayino.cl\/noticias\/index.php?rest_route=%2Fwp%2Fv2%2Ftags&post=13606"}],"curies":[{"name":"wp","href":"https:\/\/api.w.org\/{rel}","templated":true}]}}