{"id":13616,"date":"2015-09-21T09:00:29","date_gmt":"2015-09-21T12:00:29","guid":{"rendered":"http:\/\/www.yungayino.cl\/noticias\/?p=13616"},"modified":"2015-09-21T11:42:23","modified_gmt":"2015-09-21T14:42:23","slug":"campeonatos-de-cuecas-fiestas-patrias-2015-se-realizaron-en-yungay-y-campanario","status":"publish","type":"post","link":"https:\/\/www.yungayino.cl\/noticias\/?p=13616","title":{"rendered":"Campeonatos de Cuecas Fiestas Patrias 2015 se Realizaron en Yungay y Campanario"},"content":{"rendered":"<p style=\"text-align: justify;\">Yungay, s\u00e1bado 19 de septiembre 2015: Como es tradicional en nuestra comuna se realizaron campeonatos de cueca en Yungay y Campanario ante una muy buena asistencias en ambos eventos.<\/p>\n<p style=\"text-align: justify;\"><strong>Campeonato en Yungay:<\/strong><\/p>\n<p style=\"text-align: justify;\">El viernes 18 de septiembre a partir de las 19:30 horas en el Sal\u00f3n Comunitario Multiuso y ante un gran marco de p\u00fablico se realiz\u00f3 el Campeonato Comunal de Cueca \u201cLa Chabelita\u201d, como parte de las actividades de fiestas patrias en nuestra comuna, donde participaron en las categor\u00edas infantil, adolescente y adulto joven, adem\u00e1s de la presentaci\u00f3n de Adultos Mayores y cont\u00f3 con la asistencia del alcalde Pedro Inostroza Valenzuela y representantes del Concejo Municipal.<\/p>\n<p style=\"text-align: justify;\">La animaci\u00f3n estuvo a cargo de Armando \u201cEl Huaso\u201d Barr\u00eda y la interpretaci\u00f3n de nuestro baile nacional estuvo a cargo de los grupos folcl\u00f3ricos \u201cCantares de Yungay\u201d y \u201cMapuketr\u00e1n\u201d.<\/p>\n<p style=\"text-align: justify;\">Por su parte el jurado estuvo compuesto por Mar\u00eda Ignacia P\u00e9rez Caldera, Carlos Gonz\u00e1lez Contreras y Mauricio Chavarr\u00eda Salgado.<\/p>\n<p style=\"text-align: justify;\">Finalmente se\u00f1alar el muy buen nivel de los participantes y que despu\u00e9s de varias horas de competencia y ante la atenta mirada del jurado, se eligieron a los ganadores en las diferentes categor\u00edas, qui\u00e9nes se hicieron acreedores de los premios en dinero y est\u00edmulos de acuerdo a las bases.<\/p>\n<p style=\"text-align: justify;\"><strong>Categor\u00eda Infantil<\/strong><\/p>\n<p style=\"text-align: justify;\">1\u00b0 Lugar: Krisna Burgos y Dami\u00e1n Mellado<\/p>\n<p style=\"text-align: justify;\">2\u00b0 Lugar: Isidora Barra y Leonel Barra<\/p>\n<p style=\"text-align: justify;\">3\u00b0 Lugar: Eliud Leiva y Constanza Cea<\/p>\n<p style=\"text-align: justify;\"><strong>Categor\u00eda Adolescente<\/strong><\/p>\n<p style=\"text-align: justify;\">1\u00b0 Lugar: Valentina Cama\u00f1o y V\u00edctor Acu\u00f1a<\/p>\n<p style=\"text-align: justify;\">2\u00b0 Lugar: Camila Flores y Marco Baeza<\/p>\n<p style=\"text-align: justify;\">3\u00b0 Lugar: Elizabeth Cris\u00f3stomo y Sebasti\u00e1n Castillo<\/p>\n<p style=\"text-align: justify;\"><strong>Categor\u00eda Adulto Joven<\/strong><\/p>\n<p style=\"text-align: justify;\">1\u00b0 Lugar: Alejandra Cifuentes y Martin Valdez<\/p>\n<p style=\"text-align: justify;\">2\u00b0 Lugar: Karina Castillo y Manuel Crisosto<\/p>\n<p style=\"text-align: justify;\">3\u00b0 Lugar: Ana Silva y Bryan San Martin<\/p>\n<p style=\"text-align: justify;\"><strong>Campeonato en Campanario:<\/strong><\/p>\n<p style=\"text-align: justify;\">El s\u00e1bado 19 de septiembre a partir de las 20:00 horas en el Sal\u00f3n Comunitario Multiuso y ante un gran marco de p\u00fablico se realiz\u00f3 el Campeonato de cueca en Campanario organizado por Bomberos de Campanario y el Municipio, el cu\u00e1l cont\u00f3 con la asistencia de los concejales Marco Cuevas y Juana Sandoval.<\/p>\n<p style=\"text-align: justify;\">La animaci\u00f3n estuvo a cargo de Armando \u201cEl Huaso\u201d Barr\u00eda y la interpretaci\u00f3n de nuestro baile nacional estuvo a cargo del Grupo Anturrayen de Los \u00c1ngeles.<\/p>\n<p style=\"text-align: justify;\">Por su parte el jurado estuvo compuesto por Graciela Guzm\u00e1n, Marco Cuevas y Mauricio Chavarr\u00eda.<\/p>\n<p style=\"text-align: justify;\">Finalmente se\u00f1alar que en la categor\u00eda infantil solo cuatro parejas participaron m\u00e1s una en la categor\u00eda adolescente y una en adulto joven, pero igual se llev\u00f3 a cabo la competencia y entrega de premios, adem\u00e1s de la participaci\u00f3n de parejas del p\u00fablico asistente a quienes tambi\u00e9n se les hizo entrega de premios.<\/p>\n<p style=\"text-align: justify;\"><a href=\"https:\/\/www.facebook.com\/media\/set\/?set=a.1149511655063872.1073742616.159561284058919&amp;type=1&amp;l=15cae61682\">FOTOGRAF\u00cdAS &#8211; Campeonato de Cueca en Yungay<\/a><\/p>\n<p style=\"text-align: justify;\"><a href=\"https:\/\/www.facebook.com\/media\/set\/?set=a.1149523835062654.1073742617.159561284058919&amp;type=1&amp;l=f5d35519b4\">FOTOGRAF\u00cdAS &#8211; Campeonato de Cueca en Campanario<\/a><\/p>\n","protected":false},"excerpt":{"rendered":"<p>Yungay, s\u00e1bado 19 de septiembre 2015: Como es tradicional en nuestra comuna se realizaron campeonatos de cueca en Yungay y Campanario ante una muy buena asistencias en ambos eventos. Campeonato en Yungay: El viernes&#46;&#46;&#46;<\/p>\n","protected":false},"author":2,"featured_media":13617,"comment_status":"open","ping_status":"open","sticky":false,"template":"","format":"standard","meta":{"footnotes":""},"categories":[5,1],"tags":[31,1155,1145,1115,8,6],"class_list":["post-13616","post","type-post","status-publish","format-standard","has-post-thumbnail","hentry","category-eventos","category-noticias","tag-campanario","tag-campeonato-de-cueca","tag-fiestas-patrias-2015","tag-noticias","tag-yungay","tag-yungayino"],"_links":{"self":[{"href":"https:\/\/www.yungayino.cl\/noticias\/index.php?rest_route=\/wp\/v2\/posts\/13616","targetHints":{"allow":["GET"]}}],"collection":[{"href":"https:\/\/www.yungayino.cl\/noticias\/index.php?rest_route=\/wp\/v2\/posts"}],"about":[{"href":"https:\/\/www.yungayino.cl\/noticias\/index.php?rest_route=\/wp\/v2\/types\/post"}],"author":[{"embeddable":true,"href":"https:\/\/www.yungayino.cl\/noticias\/index.php?rest_route=\/wp\/v2\/users\/2"}],"replies":[{"embeddable":true,"href":"https:\/\/www.yungayino.cl\/noticias\/index.php?rest_route=%2Fwp%2Fv2%2Fcomments&post=13616"}],"version-history":[{"count":4,"href":"https:\/\/www.yungayino.cl\/noticias\/index.php?rest_route=\/wp\/v2\/posts\/13616\/revisions"}],"predecessor-version":[{"id":13621,"href":"https:\/\/www.yungayino.cl\/noticias\/index.php?rest_route=\/wp\/v2\/posts\/13616\/revisions\/13621"}],"wp:featuredmedia":[{"embeddable":true,"href":"https:\/\/www.yungayino.cl\/noticias\/index.php?rest_route=\/wp\/v2\/media\/13617"}],"wp:attachment":[{"href":"https:\/\/www.yungayino.cl\/noticias\/index.php?rest_route=%2Fwp%2Fv2%2Fmedia&parent=13616"}],"wp:term":[{"taxonomy":"category","embeddable":true,"href":"https:\/\/www.yungayino.cl\/noticias\/index.php?rest_route=%2Fwp%2Fv2%2Fcategories&post=13616"},{"taxonomy":"post_tag","embeddable":true,"href":"https:\/\/www.yungayino.cl\/noticias\/index.php?rest_route=%2Fwp%2Fv2%2Ftags&post=13616"}],"curies":[{"name":"wp","href":"https:\/\/api.w.org\/{rel}","templated":true}]}}