{"id":13669,"date":"2015-10-05T10:00:07","date_gmt":"2015-10-05T13:00:07","guid":{"rendered":"http:\/\/www.yungayino.cl\/noticias\/?p=13669"},"modified":"2015-10-13T17:10:13","modified_gmt":"2015-10-13T20:10:13","slug":"cientos-de-adultos-mayores-de-yungay-participaron-de-la-celebracion-del-dia-internacional-del-adulto-mayor","status":"publish","type":"post","link":"https:\/\/www.yungayino.cl\/noticias\/?p=13669","title":{"rendered":"Cientos de Adultos Mayores de Yungay Participaron de la Celebraci\u00f3n del \u201cD\u00eda Internacional del Adulto Mayor\u201d"},"content":{"rendered":"<p style=\"text-align: justify;\">Yungay, s\u00e1bado 03 de octubre2015: En el Gimnasio Multiuso y como es tradicional la Ilustre Municipalidad de nuestra comuna organiz\u00f3 en conjunto con el Departamento de Desarrollo Comunitario y la Uni\u00f3n Comunal de Adultos Mayores un almuerzo y show con motivo de la celebraci\u00f3n del \u201cD\u00eda Internacional del Adulto Mayor\u201d, el cu\u00e1l cont\u00f3 con una masiva convocatoria de los diferentes clubes de adultos mayores tanto del sector rural como urbano de la comuna.<\/p>\n<p style=\"text-align: justify;\">La actividad, ya consolidada como una celebraci\u00f3n esperada por todos los abuelitos de las asociaciones de adultos mayores, estuvo encabezada por el alcalde Pedro Inostroza Valenzuela, la Coordinadora Regional de Senama, Carol Lagos Valderrama, concejales e invitados especiales.<\/p>\n<p style=\"text-align: justify;\">El Edil dio el saludo de bienvenida e invito a todos los presentes a disfrutar de este bonito evento preparado especialmente por el municipio para todos los adultos mayores de nuestra comuna. Tambi\u00e9n expreso al Equipo del Portal Yungayino.cl estar muy contento por el gran marco de p\u00fablico que asisti\u00f3 y que disfrut\u00f3 de una tarde muy agradable, adem\u00e1s que se cumpli\u00f3 con la finalidad de que todos los asistentes tuvieran un momento de distracci\u00f3n y felicidad.<\/p>\n<p style=\"text-align: justify;\">Tania Jorquera, Jefa del Departamento de Dideco (S) se\u00f1alo al Equipo del Portal Yungayino.cl, que esta tradicional celebraci\u00f3n es parte de las prioridades del alcalde y todo el municipio como parte de la preocupaci\u00f3n por los Adultos Mayores de nuestra comuna, donde tambi\u00e9n destaco que esta actividad es el cierre de una de las tantas actividades que se han desarrollado durante el a\u00f1o.<\/p>\n<p style=\"text-align: justify;\">Finalmente la actividad termino con entrega de regalos y reconocimientos adem\u00e1s de buena m\u00fasica y baile<\/p>\n<p style=\"text-align: justify;\">[su_button url=\u00bbhttps:\/\/www.facebook.com\/media\/set\/?set=a.1156177077730663.1073742627.159561284058919&amp;type=1&amp;l=cd6cad030b\u00bb target=\u00bbblank\u00bb size=\u00bb7&#8243; radius=\u00bbround\u00bb icon=\u00bbicon: camera-retro\u00bb]FOTOGRAF\u00cdAS &#8211; Cientos de Adultos Mayores de Yungay Participaron de la Celebraci\u00f3n del \u201cD\u00eda Internacional del Adulto Mayor\u201d[\/su_button]<\/p>\n","protected":false},"excerpt":{"rendered":"<p>Yungay, s\u00e1bado 03 de octubre2015: En el Gimnasio Multiuso y como es tradicional la Ilustre Municipalidad de nuestra comuna organiz\u00f3 en conjunto con el Departamento de Desarrollo Comunitario y la Uni\u00f3n Comunal de Adultos&#46;&#46;&#46;<\/p>\n","protected":false},"author":2,"featured_media":13670,"comment_status":"open","ping_status":"open","sticky":false,"template":"","format":"standard","meta":{"footnotes":""},"categories":[5,1],"tags":[548,1115,8,6],"class_list":["post-13669","post","type-post","status-publish","format-standard","has-post-thumbnail","hentry","category-eventos","category-noticias","tag-dia-adulto-mayor","tag-noticias","tag-yungay","tag-yungayino"],"_links":{"self":[{"href":"https:\/\/www.yungayino.cl\/noticias\/index.php?rest_route=\/wp\/v2\/posts\/13669","targetHints":{"allow":["GET"]}}],"collection":[{"href":"https:\/\/www.yungayino.cl\/noticias\/index.php?rest_route=\/wp\/v2\/posts"}],"about":[{"href":"https:\/\/www.yungayino.cl\/noticias\/index.php?rest_route=\/wp\/v2\/types\/post"}],"author":[{"embeddable":true,"href":"https:\/\/www.yungayino.cl\/noticias\/index.php?rest_route=\/wp\/v2\/users\/2"}],"replies":[{"embeddable":true,"href":"https:\/\/www.yungayino.cl\/noticias\/index.php?rest_route=%2Fwp%2Fv2%2Fcomments&post=13669"}],"version-history":[{"count":3,"href":"https:\/\/www.yungayino.cl\/noticias\/index.php?rest_route=\/wp\/v2\/posts\/13669\/revisions"}],"predecessor-version":[{"id":13757,"href":"https:\/\/www.yungayino.cl\/noticias\/index.php?rest_route=\/wp\/v2\/posts\/13669\/revisions\/13757"}],"wp:featuredmedia":[{"embeddable":true,"href":"https:\/\/www.yungayino.cl\/noticias\/index.php?rest_route=\/wp\/v2\/media\/13670"}],"wp:attachment":[{"href":"https:\/\/www.yungayino.cl\/noticias\/index.php?rest_route=%2Fwp%2Fv2%2Fmedia&parent=13669"}],"wp:term":[{"taxonomy":"category","embeddable":true,"href":"https:\/\/www.yungayino.cl\/noticias\/index.php?rest_route=%2Fwp%2Fv2%2Fcategories&post=13669"},{"taxonomy":"post_tag","embeddable":true,"href":"https:\/\/www.yungayino.cl\/noticias\/index.php?rest_route=%2Fwp%2Fv2%2Ftags&post=13669"}],"curies":[{"name":"wp","href":"https:\/\/api.w.org\/{rel}","templated":true}]}}