{"id":13708,"date":"2015-10-06T16:00:39","date_gmt":"2015-10-06T19:00:39","guid":{"rendered":"http:\/\/www.yungayino.cl\/noticias\/?p=13708"},"modified":"2015-10-13T17:09:20","modified_gmt":"2015-10-13T20:09:20","slug":"biblioteca-publica-de-yungay-celebra-su-aniversario-n-38","status":"publish","type":"post","link":"https:\/\/www.yungayino.cl\/noticias\/?p=13708","title":{"rendered":"Biblioteca P\u00fablica de Yungay Celebra su Aniversario N\u00b0 38"},"content":{"rendered":"<p style=\"text-align: justify;\">Yungay, martes 6 de octubre 2015. La Biblioteca p\u00fablica de nuestra comuna hoy se encuentra cumpliendo 38 a\u00f1os al servicio de la comunidad. En esta ocasi\u00f3n fue Don Leo (Mascota Institucional), el encargado de contar un poco m\u00e1s sobre la biblioteca y sus buenas noticias.<\/p>\n<p style=\"text-align: justify;\"><strong><u>Entrevista a don Leo<\/u><\/strong><\/p>\n<p style=\"text-align: justify;\"><em>\u00a0\u201cLa magia de la literatura ha hecho que a trav\u00e9s de un cuento, nuestro Nobel de Literatura Pablo Neruda entreviste a don Leo en la biblioteca de Yungay\u2026, ac\u00e1 esta la entrevista realizada.\u201d<\/em><\/p>\n<p style=\"text-align: justify;\">\u00a0\u00bfBuenas tardes don Leo, que alegr\u00eda verlo de nuevo?<\/p>\n<p style=\"text-align: justify;\"><strong>Buenas tardes Pablo, lo mismo digo, hace mucho tiempo que no sab\u00eda de usted, pero estoy muy contento de estar a su lado nuevamente.<\/strong><\/p>\n<p style=\"text-align: justify;\">\u00bfQu\u00e9\u00a0cuenta de su vida ac\u00e1 en Yungay?<\/p>\n<p style=\"text-align: justify;\"><strong>Lo que me ha pasado \u00faltimamente en esta ciudad es digno de dejarlo escrito en un libro, he conocido gente maravillosa y muy simp\u00e1tica, la amabilidad de las personas no tiene l\u00edmite y d\u00eda a d\u00eda noto que sienten mucho cari\u00f1o por el trabajo que estamos realizando en nuestra biblioteca.<\/strong><\/p>\n<p style=\"text-align: justify;\"><strong>\u00a0<\/strong>\u00bfUsted podr\u00eda contarme m\u00e1s sobre la biblioteca de Yungay?<\/p>\n<p style=\"text-align: justify;\"><strong>Mira Pablo, qu\u00e9 bueno que me preguntes eso, te cuento que estamos de cumplea\u00f1os el d\u00eda de hoy, estamos muy felices porque hace 38 a\u00f1os comenz\u00f3 este sue\u00f1o que hoy en d\u00eda es toda una realidad, hemos apoyado a todos nuestros amigos y amigas de la comuna con nuestro trabajo, el cual se ve reflejado en los reconocimientos que hemos recibido.<\/strong><\/p>\n<p style=\"text-align: justify;\">\u00a0\u00bfReconocimientos amigo?, que alegr\u00eda, cu\u00e9ntame por favor m\u00e1s de eso.<\/p>\n<p style=\"text-align: justify;\"><strong>Si, como un hermoso regalo de cumplea\u00f1os te cuento que la Direcci\u00f3n de Bibliotecas, Archivos y Museos\u2026<\/strong><\/p>\n<p style=\"text-align: justify;\"><strong>\u00a0<\/strong>Ah, la DIBAM?\u2026.<\/p>\n<p style=\"text-align: justify;\"><strong>Correcto Pablo, nos han notificado que entre 450 bibliotecas p\u00fablicas que existen en el pa\u00eds, la nuestra ocupa el lugar n\u00famero 10, esto nos llena de orgullo porque es el reflejo de la calidad de personas que nos visitan, ello con las asistencias a las actividades tales como \u201cEl D\u00eda del Libro\u201d,\u00a0 \u201cLa Noche de San Juan\u201d, Celebraci\u00f3n del D\u00eda del Patrimonio, Capacitaciones en computaci\u00f3n, pr\u00e9stamos de libros y las visitas a nuestras exposiciones, entre otros, han puesto a nuestra biblioteca como una de las Top Ten del pa\u00eds, jajaja Pablo me sali\u00f3 lo gringo. Pero es verdad gracias a todos nuestros amigos por convertirnos en una de las mejores bibliotecas de Chile.<\/strong><\/p>\n<p style=\"text-align: justify;\"><strong>\u00a0<\/strong>Que buena notica Leo, siempre conf\u00ede que lograr\u00edas grandes cosas\u2026<\/p>\n<p style=\"text-align: justify;\"><strong>Pablo, eso me llena de orgullo, \u00bfpero te cuento algo? Esto no ser\u00eda posible sin el trabajo dedicado de mis compa\u00f1eros, su esfuerzo ha posibilitado la obtenci\u00f3n de tan grande logro. Tambi\u00e9n tengo que reconocer a nuestros amigos que apoyan nuestra labor con su trabajo de forma an\u00f3nima y a nuestras autoridades locales por facilitarnos nuestro trabajo.<\/strong><\/p>\n<p style=\"text-align: justify;\">\u00a0Amigo, es un placer conversar otra vez contigo\u2026<\/p>\n<p style=\"text-align: justify;\"><strong>Pablo, el placer siempre ha sido m\u00edo, recuerdo nuestro momentos juntos cuando est\u00e1bamos comiendo nuestro rico caldillo de congrio y a ti se te ocurri\u00f3 la brillante idea de crear la \u201cOda al Caldillo de Congrio\u201d\u2026.<\/strong><\/p>\n<p style=\"text-align: justify;\">Jajaja, que buenos momentos pasamos juntos Leo, pero recuerda que t\u00fa me diste el nombre de lo que escrib\u00ed, jajaj, Leo eres todo un personaje.<\/p>\n<p style=\"text-align: justify;\">Amigo ya tengo que cerrar la nota, tengo compromisos impostergables despu\u00e9s con mi amiga Gabriela, para cerrar la nota te doy el espacio para que digas lo que quieras\u2026<\/p>\n<p style=\"text-align: justify;\"><strong>Gracias nuevamente a todos por hacer posible el sue\u00f1o de ser una de las m\u00e1s grandes bibliotecas del pa\u00eds, a los amigos usuarios nuestros les informo que estamos trabajando para llegar a los lugares m\u00e1s apartados de la comuna, para ello, estamos realizando visitas a todos los sectores rurales, juntas de vecinos, colegios, jardines infantiles, tambi\u00e9n visitamos a nuestros amigos del hogar de ancianos, de la c\u00e1rcel, de la juntas de vecinos y pr\u00f3ximamente a nuestro usuarios que por una u otra raz\u00f3n deben estar hospitalizados, los visitaremos llev\u00e1ndoles alegr\u00eda y la magia de los libros.<\/strong><\/p>\n<p style=\"text-align: justify;\"><strong>Por ultimo quiero decir que: \u201cMi coraz\u00f3n est\u00e1 muy alegre\u201d y eso es gracias a todos mis amigos de Yungay y de las comunas vecinas que nos visitan d\u00eda a d\u00eda, recuerden siempre, el mejor regalo que cada persona se puede hacer es imaginar que la magia existe y ese poder solo lo da la lectura de un buen libro.<\/strong><\/p>\n<p style=\"text-align: justify;\"><strong>\u00a0\u00a0\u00a0\u00a0\u00a0\u00a0\u00a0\u00a0\u00a0\u00a0\u00a0 Gracias Pablo por visitarme de nuevo, eres un buen amigo\u2026..<\/strong><\/p>\n<p style=\"text-align: justify;\">Gracias a ti Leo por ser parte de mi vida, hasta pronto amigo.<\/p>\n<p style=\"text-align: justify;\"><strong>\u00a0<\/strong><\/p>\n<p style=\"text-align: justify;\">[su_button url=\u00bbhttps:\/\/www.facebook.com\/media\/set\/?set=a.1156745687673802.1073742628.159561284058919&amp;type=1&amp;l=ab7a04cd43&#8243; target=\u00bbblank\u00bb size=\u00bb7&#8243; radius=\u00bbround\u00bb icon=\u00bbicon: camera-retro\u00bb]FOTOGRAF\u00cdAS &#8211; Biblioteca P\u00fablica de Yungay? Celebra su Aniversario N\u00b0 38[\/su_button]<\/p>\n","protected":false},"excerpt":{"rendered":"<p>Yungay, martes 6 de octubre 2015. La Biblioteca p\u00fablica de nuestra comuna hoy se encuentra cumpliendo 38 a\u00f1os al servicio de la comunidad. En esta ocasi\u00f3n fue Don Leo (Mascota Institucional), el encargado de&#46;&#46;&#46;<\/p>\n","protected":false},"author":2,"featured_media":13709,"comment_status":"open","ping_status":"open","sticky":false,"template":"","format":"standard","meta":{"footnotes":""},"categories":[3,14,1,32,15],"tags":[1162,453,1115,8,6],"class_list":["post-13708","post","type-post","status-publish","format-standard","has-post-thumbnail","hentry","category-actualidad","category-historia","category-noticias","category-servicios","category-turismo","tag-38-anos","tag-biblioteca-yungay","tag-noticias","tag-yungay","tag-yungayino"],"_links":{"self":[{"href":"https:\/\/www.yungayino.cl\/noticias\/index.php?rest_route=\/wp\/v2\/posts\/13708","targetHints":{"allow":["GET"]}}],"collection":[{"href":"https:\/\/www.yungayino.cl\/noticias\/index.php?rest_route=\/wp\/v2\/posts"}],"about":[{"href":"https:\/\/www.yungayino.cl\/noticias\/index.php?rest_route=\/wp\/v2\/types\/post"}],"author":[{"embeddable":true,"href":"https:\/\/www.yungayino.cl\/noticias\/index.php?rest_route=\/wp\/v2\/users\/2"}],"replies":[{"embeddable":true,"href":"https:\/\/www.yungayino.cl\/noticias\/index.php?rest_route=%2Fwp%2Fv2%2Fcomments&post=13708"}],"version-history":[{"count":3,"href":"https:\/\/www.yungayino.cl\/noticias\/index.php?rest_route=\/wp\/v2\/posts\/13708\/revisions"}],"predecessor-version":[{"id":13756,"href":"https:\/\/www.yungayino.cl\/noticias\/index.php?rest_route=\/wp\/v2\/posts\/13708\/revisions\/13756"}],"wp:featuredmedia":[{"embeddable":true,"href":"https:\/\/www.yungayino.cl\/noticias\/index.php?rest_route=\/wp\/v2\/media\/13709"}],"wp:attachment":[{"href":"https:\/\/www.yungayino.cl\/noticias\/index.php?rest_route=%2Fwp%2Fv2%2Fmedia&parent=13708"}],"wp:term":[{"taxonomy":"category","embeddable":true,"href":"https:\/\/www.yungayino.cl\/noticias\/index.php?rest_route=%2Fwp%2Fv2%2Fcategories&post=13708"},{"taxonomy":"post_tag","embeddable":true,"href":"https:\/\/www.yungayino.cl\/noticias\/index.php?rest_route=%2Fwp%2Fv2%2Ftags&post=13708"}],"curies":[{"name":"wp","href":"https:\/\/api.w.org\/{rel}","templated":true}]}}