{"id":13712,"date":"2015-10-06T20:00:02","date_gmt":"2015-10-06T23:00:02","guid":{"rendered":"http:\/\/www.yungayino.cl\/noticias\/?p=13712"},"modified":"2015-10-06T22:35:36","modified_gmt":"2015-10-07T01:35:36","slug":"en-yungay-se-realizara-6-version-de-la-fiesta-de-san-francisco","status":"publish","type":"post","link":"https:\/\/www.yungayino.cl\/noticias\/?p=13712","title":{"rendered":"En Yungay se Realizara 6\u00b0 Versi\u00f3n de la \u201cFiesta de San Francisco\u201d"},"content":{"rendered":"<p>Martes 6 de octubre 2015: En Yungay se preparan para la celebraci\u00f3n de la 6\u00b0 Versi\u00f3n de la \u201cFiesta de San Francisco\u201d, la cual se realizar\u00e1 el pr\u00f3ximo <strong>Domingo 11 de octubre <\/strong>a partir de las 11:00 horas en el Sector Los Laureles, comunidad rural distante a 15 Kil\u00f3metros de Yungay.<\/p>\n<p>Esta tradicional fiesta religiosa que se ha transmitido por generaciones en los sectores rurales, siendo introducida a Chile por religiosos espa\u00f1oles en honor a San Francisco de As\u00eds y donde Yungay no est\u00e1 ajena a esta festividad que busca pedir por una generosa cosecha de trigo, realizando una procesi\u00f3n en donde est\u00e1 la siembra, para terminar con la bendici\u00f3n y la puesta de cruces.<\/p>\n<p>Por otro lado el Club Deportivo Hurac\u00e1n encargados de la organizaci\u00f3n tendr\u00e1n en la ocasi\u00f3n para los yungayinos y visitantes un variado programa de actividades, donde destacan la m\u00fasica folcl\u00f3rica y cuecas interpretadas por el Conjunto \u201cAlbores de Lomas Coloradas\u201d de la Comuna de San Pedro de la Paz , tambi\u00e9n habr\u00e1 m\u00fasica ranchera tropical a cargo \u201cLos Pincheiras \u00a0del Sur, \u201dLos Charros de Tucapel\u201d, el Conjunto Folcl\u00f3rico \u201cMapuketran\u201c de Yungay,\u201d Conjunto \u201cLos Musicantes\u201d, Los Hermanos Flores de Rucahue\u201d, el Pallador \u201cTiznao\u201d, adem\u00e1s tambi\u00e9n habr\u00e1n instalados stand con artesan\u00edas y productos de la zona.<\/p>\n<p>Finalmente el Presidente del Club Deportivo Hurac\u00e1n Juan Carlos Mardones se\u00f1alo al Equipo del Portal Yungayino.cl, que toda la organizaci\u00f3n se est\u00e1 preparando para realizar un hermosa actividad y reiter\u00f3 su invitaci\u00f3n a toda la comunidad y visitantes a participar de esta tradicional fiesta religiosa, donde adem\u00e1s se dispondr\u00e1 de un gran casino que tendr\u00e1 una variedad de comidas t\u00edpicas como el asado de cordero y cerdo, la cazuela de campo, empanadas, tortillas, etc.<\/p>\n<p><strong><u>PROGRAMA<\/u><\/strong><\/p>\n<p>&nbsp;<\/p>\n<p>11:00 Horas: Apertura e Inauguraci\u00f3n Stand (autoridades e invitados especiales recorren los stand para premiar el m\u00e1s t\u00edpico)<\/p>\n<p>11:20 Horas: Presentaci\u00f3n Conjunto Folcl\u00f3rico \u201cMAPUKETRAN\u201d<\/p>\n<p>12:10 Horas: Plegaria realizada por Sacerdote sobre \u201cSan Francisco\u201d y Bendici\u00f3n de la Cruz acompa\u00f1ado por el Conjunto \u201cAlbores de Loma Colorada\u201d<\/p>\n<p>13:45 Horas: Conjunto \u201cLos Musicantes\u201d<\/p>\n<p>14:45 Horas: Artista Pallador \u201cTiznao\u201d (particip\u00f3 en coliseo romano de chile visi\u00f3n)<\/p>\n<p>15:45 Horas: Conjunto \u201cAlbores de Loma Colorada\u201d<\/p>\n<p>16:30 Horas: Grupo Ranchero \u201cLos Pincheiras del Sur\u201d<\/p>\n<p>&nbsp;<\/p>\n<p>18:30 Horas: Grupo \u201cLos Charros de Tucapel\u201d<\/p>\n<p>19:40 Horas: Premiaci\u00f3n y Sorteo Rifa (1 cordero)<\/p>\n<p>20:00 Horas: \u201cLos Hermanos Flores de Rucahue\u201d<\/p>\n<p>23:00 Horas: Cierre Fiesta San Francisco 2015<\/p>\n","protected":false},"excerpt":{"rendered":"<p>Martes 6 de octubre 2015: En Yungay se preparan para la celebraci\u00f3n de la 6\u00b0 Versi\u00f3n de la \u201cFiesta de San Francisco\u201d, la cual se realizar\u00e1 el pr\u00f3ximo Domingo 11 de octubre a partir&#46;&#46;&#46;<\/p>\n","protected":false},"author":2,"featured_media":13713,"comment_status":"open","ping_status":"open","sticky":false,"template":"","format":"standard","meta":{"footnotes":""},"categories":[3,5,14,1,15],"tags":[546,1115,1163,8,6],"class_list":["post-13712","post","type-post","status-publish","format-standard","has-post-thumbnail","hentry","category-actualidad","category-eventos","category-historia","category-noticias","category-turismo","tag-los-laureles","tag-noticias","tag-san-francisco","tag-yungay","tag-yungayino"],"_links":{"self":[{"href":"https:\/\/www.yungayino.cl\/noticias\/index.php?rest_route=\/wp\/v2\/posts\/13712","targetHints":{"allow":["GET"]}}],"collection":[{"href":"https:\/\/www.yungayino.cl\/noticias\/index.php?rest_route=\/wp\/v2\/posts"}],"about":[{"href":"https:\/\/www.yungayino.cl\/noticias\/index.php?rest_route=\/wp\/v2\/types\/post"}],"author":[{"embeddable":true,"href":"https:\/\/www.yungayino.cl\/noticias\/index.php?rest_route=\/wp\/v2\/users\/2"}],"replies":[{"embeddable":true,"href":"https:\/\/www.yungayino.cl\/noticias\/index.php?rest_route=%2Fwp%2Fv2%2Fcomments&post=13712"}],"version-history":[{"count":1,"href":"https:\/\/www.yungayino.cl\/noticias\/index.php?rest_route=\/wp\/v2\/posts\/13712\/revisions"}],"predecessor-version":[{"id":13714,"href":"https:\/\/www.yungayino.cl\/noticias\/index.php?rest_route=\/wp\/v2\/posts\/13712\/revisions\/13714"}],"wp:featuredmedia":[{"embeddable":true,"href":"https:\/\/www.yungayino.cl\/noticias\/index.php?rest_route=\/wp\/v2\/media\/13713"}],"wp:attachment":[{"href":"https:\/\/www.yungayino.cl\/noticias\/index.php?rest_route=%2Fwp%2Fv2%2Fmedia&parent=13712"}],"wp:term":[{"taxonomy":"category","embeddable":true,"href":"https:\/\/www.yungayino.cl\/noticias\/index.php?rest_route=%2Fwp%2Fv2%2Fcategories&post=13712"},{"taxonomy":"post_tag","embeddable":true,"href":"https:\/\/www.yungayino.cl\/noticias\/index.php?rest_route=%2Fwp%2Fv2%2Ftags&post=13712"}],"curies":[{"name":"wp","href":"https:\/\/api.w.org\/{rel}","templated":true}]}}