{"id":13738,"date":"2015-10-11T22:00:05","date_gmt":"2015-10-12T01:00:05","guid":{"rendered":"http:\/\/www.yungayino.cl\/noticias\/?p=13738"},"modified":"2015-10-13T17:05:46","modified_gmt":"2015-10-13T20:05:46","slug":"colegio-divina-pastora-de-yungay-realizo-acto-comunal-en-conmemoracion-del-12-de-octubre","status":"publish","type":"post","link":"https:\/\/www.yungayino.cl\/noticias\/?p=13738","title":{"rendered":"Colegio Divina Pastora de Yungay Realiz\u00f3 Acto Comunal en \u201cConmemoraci\u00f3n del 12 de Octubre\u201d"},"content":{"rendered":"<p style=\"text-align: justify;\">Yungay, Con motivo de celebrar el D\u00eda de la Hispanidad, el Colegio Divina Pastora fue el encargado de organizar el acto comunal que se realiz\u00f3 el pasado viernes 09 de octubre en el sal\u00f3n del colegio y que cont\u00f3 con la presencia de autoridades, invitados especiales, alumnos y docentes de los diferentes colegios de la comuna.<\/p>\n<p style=\"text-align: justify;\">Se\u00f1alar que el d\u00eda de la hispanidad, fue instituido para unir aquellos pueblos o pa\u00edses que tienen en com\u00fan la lengua, el origen y la religi\u00f3n. El acto se inici\u00f3 con la interpretaci\u00f3n del Himno Nacional dirigido por la profesora Sra. Marcela Navarrete, para continuar con una reflexi\u00f3n hist\u00f3rica realizada por el profesor Sr. Miguel Cofr\u00e9, para luego ver la presentaci\u00f3n de la Orquesta de C\u00e1mara conformada por los propios alumnos del Colegio Divina Pastora.<\/p>\n<p style=\"text-align: justify;\">La poes\u00eda tambi\u00e9n estuvo presente con la participaci\u00f3n de las estudiantes Isidora Hormaz\u00e1bal y Javiera Quezada, quienes recitaron \u201cAmor Am\u00e9rica\u201d de Pablo Neruda y finalmente el Taller de Danza formado por un grupo de estudiantes de 1\u00b0, 2\u00b0 y 4\u00b0 a\u00f1o de ense\u00f1anza media realizaron interpretaciones de mix latinoamericano.<\/p>\n<p style=\"text-align: justify;\">Finalmente el se\u00f1or Rogelio Pinilla Director Pedag\u00f3gico del Colegio Divina Pastora se\u00f1alo al Equipo del Portal Yungayino.cl, que este acto es el fruto del trabajo de toda la comunidad escolar, donde destac\u00f3 la participaci\u00f3n de los estudiantes, quienes con la interpretaci\u00f3n de los bailes y n\u00fameros art\u00edstico se logr\u00f3 el objetivo del acto, intercambio de diferentes culturas, tambi\u00e9n agradeci\u00f3 la asistencia de los diferentes establecimientos educacionales de la comuna y a las autoridades por su presencia en tan significativo acto y destac\u00f3 el esfuerzo de toda la comunidad educativa y apoderados para que todo saliera hermoso.<\/p>\n<p style=\"text-align: justify;\">[su_button url=\u00bbhttps:\/\/www.facebook.com\/media\/set\/?set=a.1159878937360477.1073742631.159561284058919&amp;type=1&amp;l=b308ac29d4&#8243; target=\u00bbblank\u00bb size=\u00bb7&#8243; radius=\u00bbround\u00bb icon=\u00bbicon: camera-retro\u00bb]FOTOGRAF\u00cdAS &#8211; Colegio Divina Pastora de Yungay Realiz\u00f3 Acto Comunal en \u201cConmemoraci\u00f3n del 12 de Octubre\u201d[\/su_button]<\/p>\n","protected":false},"excerpt":{"rendered":"<p>Yungay, Con motivo de celebrar el D\u00eda de la Hispanidad, el Colegio Divina Pastora fue el encargado de organizar el acto comunal que se realiz\u00f3 el pasado viernes 09 de octubre en el sal\u00f3n&#46;&#46;&#46;<\/p>\n","protected":false},"author":2,"featured_media":13734,"comment_status":"open","ping_status":"open","sticky":false,"template":"","format":"standard","meta":{"footnotes":""},"categories":[3,1],"tags":[1166,70,1115,8,6],"class_list":["post-13738","post","type-post","status-publish","format-standard","has-post-thumbnail","hentry","category-actualidad","category-noticias","tag-12-de-octubre","tag-colegio-divina-pastora","tag-noticias","tag-yungay","tag-yungayino"],"_links":{"self":[{"href":"https:\/\/www.yungayino.cl\/noticias\/index.php?rest_route=\/wp\/v2\/posts\/13738","targetHints":{"allow":["GET"]}}],"collection":[{"href":"https:\/\/www.yungayino.cl\/noticias\/index.php?rest_route=\/wp\/v2\/posts"}],"about":[{"href":"https:\/\/www.yungayino.cl\/noticias\/index.php?rest_route=\/wp\/v2\/types\/post"}],"author":[{"embeddable":true,"href":"https:\/\/www.yungayino.cl\/noticias\/index.php?rest_route=\/wp\/v2\/users\/2"}],"replies":[{"embeddable":true,"href":"https:\/\/www.yungayino.cl\/noticias\/index.php?rest_route=%2Fwp%2Fv2%2Fcomments&post=13738"}],"version-history":[{"count":2,"href":"https:\/\/www.yungayino.cl\/noticias\/index.php?rest_route=\/wp\/v2\/posts\/13738\/revisions"}],"predecessor-version":[{"id":13753,"href":"https:\/\/www.yungayino.cl\/noticias\/index.php?rest_route=\/wp\/v2\/posts\/13738\/revisions\/13753"}],"wp:featuredmedia":[{"embeddable":true,"href":"https:\/\/www.yungayino.cl\/noticias\/index.php?rest_route=\/wp\/v2\/media\/13734"}],"wp:attachment":[{"href":"https:\/\/www.yungayino.cl\/noticias\/index.php?rest_route=%2Fwp%2Fv2%2Fmedia&parent=13738"}],"wp:term":[{"taxonomy":"category","embeddable":true,"href":"https:\/\/www.yungayino.cl\/noticias\/index.php?rest_route=%2Fwp%2Fv2%2Fcategories&post=13738"},{"taxonomy":"post_tag","embeddable":true,"href":"https:\/\/www.yungayino.cl\/noticias\/index.php?rest_route=%2Fwp%2Fv2%2Ftags&post=13738"}],"curies":[{"name":"wp","href":"https:\/\/api.w.org\/{rel}","templated":true}]}}