{"id":13759,"date":"2015-10-13T20:00:04","date_gmt":"2015-10-13T23:00:04","guid":{"rendered":"http:\/\/www.yungayino.cl\/noticias\/?p=13759"},"modified":"2015-10-13T22:59:21","modified_gmt":"2015-10-14T01:59:21","slug":"con-gran-exito-se-llevo-a-cabo-la-fiesta-de-san-francisco-en-yungay","status":"publish","type":"post","link":"https:\/\/www.yungayino.cl\/noticias\/?p=13759","title":{"rendered":"Con Gran \u00c9xito se Llev\u00f3 a Cabo la \u201cFiesta de San Francisco\u201d en Yungay"},"content":{"rendered":"<p style=\"text-align: justify;\">Yungay, martes 13 de octubre 2015: Con gran \u00e9xito se celebr\u00f3 en Yungay una nueva versi\u00f3n de la \u201cFiesta de San Francisco\u201d en el Sector rural de Los Laureles, la cual estuvo organizada por el Club Deportivo Hurac\u00e1n.<\/p>\n<p style=\"text-align: justify;\">La tradicional fiesta comenz\u00f3 con la elecci\u00f3n del mejor stand para luego continuar con la colocaci\u00f3n de la cruz adornada en el campo de trigo y pedir por una buena cosecha, luego se procedi\u00f3 a bailar m\u00fasica folcl\u00f3rica, donde los asistentes tambi\u00e9n compartieron tortilla, catuto y ponche para dar inicio a la tradicional fiesta.<\/p>\n<p style=\"text-align: justify;\"><strong>M\u00fasica y Baile Folcl\u00f3rico<\/strong><\/p>\n<p style=\"text-align: justify;\">La m\u00fasica folcl\u00f3rica estuvo a cargo del Conjunto Folcl\u00f3rico \u201cMapuketran\u201c de Yungay, el Conjunto \u201cAlbores de Loma Colorada\u201d de la comuna de San Pedro y \u201cPasi\u00f3n Cuequera\u201d de nuestra comuna, quienes realizaron hermosos bailes y coreograf\u00edas de presentaciones con lo mejor de nuestro baile nacional.<\/p>\n<p style=\"text-align: justify;\"><strong>M\u00fasica Ranchera y Cumbias<\/strong><\/p>\n<p style=\"text-align: justify;\">La m\u00fasica ranchera y cumbias tambi\u00e9n estuvieron presente con destacadas participaciones de \u201cLos Charros de Tucapel\u201d, \u201cLos Musicantes de Hu\u00e9pil\u201d, el Grupo Ranchero \u201cLos Pincheira del Sur\u201d, el Grupo \u201cLos Charros de Tucapel\u201d, y \u201cLos Hermanos Flores de Rucahue\u201d quienes hicieron bailar en todo momento a los presentes con sus alegres shows.<\/p>\n<p style=\"text-align: justify;\"><strong>Canto Popular, Payas y Humor<\/strong><\/p>\n<p style=\"text-align: justify;\">El canto popular, las payas y el humor tambi\u00e9n estuvieron presentes en esta gran fiesta con la destacada participaci\u00f3n de V\u00edctor Z\u00e1rate, m\u00e1s conocido como el <strong>\u00abTiznao\u00bb<\/strong> de la comuna de Lota, qui\u00e9n sacos carcajadas al p\u00fablico presente con su improvisadas payas populares.<\/p>\n<p style=\"text-align: justify;\">[su_button url=\u00bbhttps:\/\/www.facebook.com\/media\/set\/?set=a.1160374827310888.1073742634.159561284058919&amp;type=1&amp;l=1fdd529572&#8243; target=\u00bbblank\u00bb size=\u00bb7&#8243; radius=\u00bbround\u00bb icon=\u00bbicon: camera-retro\u00bb]FOTOGRAF\u00cdAS &#8211; Con Gran \u00c9xito se Llev\u00f3 a Cabo la \u201cFiesta de San Francisco\u201d en Yungay[\/su_button]<\/p>\n","protected":false},"excerpt":{"rendered":"<p>Yungay, martes 13 de octubre 2015: Con gran \u00e9xito se celebr\u00f3 en Yungay una nueva versi\u00f3n de la \u201cFiesta de San Francisco\u201d en el Sector rural de Los Laureles, la cual estuvo organizada por&#46;&#46;&#46;<\/p>\n","protected":false},"author":2,"featured_media":13760,"comment_status":"open","ping_status":"open","sticky":false,"template":"","format":"standard","meta":{"footnotes":""},"categories":[5,1,15],"tags":[546,1115,1163,8,6],"class_list":["post-13759","post","type-post","status-publish","format-standard","has-post-thumbnail","hentry","category-eventos","category-noticias","category-turismo","tag-los-laureles","tag-noticias","tag-san-francisco","tag-yungay","tag-yungayino"],"_links":{"self":[{"href":"https:\/\/www.yungayino.cl\/noticias\/index.php?rest_route=\/wp\/v2\/posts\/13759","targetHints":{"allow":["GET"]}}],"collection":[{"href":"https:\/\/www.yungayino.cl\/noticias\/index.php?rest_route=\/wp\/v2\/posts"}],"about":[{"href":"https:\/\/www.yungayino.cl\/noticias\/index.php?rest_route=\/wp\/v2\/types\/post"}],"author":[{"embeddable":true,"href":"https:\/\/www.yungayino.cl\/noticias\/index.php?rest_route=\/wp\/v2\/users\/2"}],"replies":[{"embeddable":true,"href":"https:\/\/www.yungayino.cl\/noticias\/index.php?rest_route=%2Fwp%2Fv2%2Fcomments&post=13759"}],"version-history":[{"count":2,"href":"https:\/\/www.yungayino.cl\/noticias\/index.php?rest_route=\/wp\/v2\/posts\/13759\/revisions"}],"predecessor-version":[{"id":13762,"href":"https:\/\/www.yungayino.cl\/noticias\/index.php?rest_route=\/wp\/v2\/posts\/13759\/revisions\/13762"}],"wp:featuredmedia":[{"embeddable":true,"href":"https:\/\/www.yungayino.cl\/noticias\/index.php?rest_route=\/wp\/v2\/media\/13760"}],"wp:attachment":[{"href":"https:\/\/www.yungayino.cl\/noticias\/index.php?rest_route=%2Fwp%2Fv2%2Fmedia&parent=13759"}],"wp:term":[{"taxonomy":"category","embeddable":true,"href":"https:\/\/www.yungayino.cl\/noticias\/index.php?rest_route=%2Fwp%2Fv2%2Fcategories&post=13759"},{"taxonomy":"post_tag","embeddable":true,"href":"https:\/\/www.yungayino.cl\/noticias\/index.php?rest_route=%2Fwp%2Fv2%2Ftags&post=13759"}],"curies":[{"name":"wp","href":"https:\/\/api.w.org\/{rel}","templated":true}]}}