{"id":13768,"date":"2015-10-14T20:00:09","date_gmt":"2015-10-14T23:00:09","guid":{"rendered":"http:\/\/www.yungayino.cl\/noticias\/?p=13768"},"modified":"2015-10-15T00:05:53","modified_gmt":"2015-10-15T03:05:53","slug":"alcalde-y-concejales-sostienen-importante-reunion-de-gestion-en-santiago-para-que-yungay-sea-la-capital-provincial-de-nuble","status":"publish","type":"post","link":"https:\/\/www.yungayino.cl\/noticias\/?p=13768","title":{"rendered":"Alcalde y Concejales Sostienen Importante Reuni\u00f3n de Gesti\u00f3n en Santiago para que Yungay Sea la Capital de la Provincia del Diguill\u00edn de la Futura Regi\u00f3n de \u00d1uble"},"content":{"rendered":"<p style=\"text-align: justify;\">Yungay, mi\u00e9rcoles 14 de octubre 2015: Una muy importante jornada de reuniones sostuvieron el d\u00eda de hoy el alcalde Pedro Inostroza junto a los Concejales Rafael Cifuentes, Juan Quezada, Juana Sandoval, Ang\u00e9lica Cabezas, Marco Cuevas y el Jefe de Gabinete Municipal Juan L\u00f3pez, como parte de las gestiones para que Yungay sea la Capital de la Provincia del Diguill\u00edn de la Futura Regi\u00f3n de\u00a0\u00d1uble.<\/p>\n<p style=\"text-align: justify;\">El Edil Pedro Inostroza Valenzuela manifest\u00f3 al Equipo del Portal Yungayino.cl su satisfacci\u00f3n por la importante reuni\u00f3n sostenida el d\u00eda de hoy junto a los concejales y agradeci\u00f3 al Senador \u00a0V\u00edctor P\u00e9rez Varela, qui\u00e9n realiz\u00f3 las gestiones para reunirse con el Presidente de la Comisi\u00f3n \u00d1uble Regi\u00f3n, Senador Alberto Espina y la parlamentaria Ena Von Baer.<\/p>\n<p style=\"text-align: justify;\">Pedro Inostroza se\u00f1alo que el principal tema de reuni\u00f3n era informarse cu\u00e1les ser\u00e1n los requerimientos, requisitos, argumentos etc. que la futura comisi\u00f3n solicitar\u00e1 y que deber\u00e1 cumplir para poder ser Capital de la futura Provincia de Diguill\u00edn, y as\u00ed poder realizar un buen trabajo de argumentaci\u00f3n sobre Yungay.<\/p>\n<p style=\"text-align: justify;\">Finalmente la primera autoridad de la comuna y la concejala Ang\u00e9lica Cabezas se\u00f1alaron a nuestro medio que est\u00e1n trabajando todos unidos por esta causa, donde el principal argumento ser\u00e1 la <strong>\u201cDescentralizaci\u00f3n\u201d, <\/strong>adem\u00e1s de la conectividad, desarrollo social, energ\u00eda, turismo, agricultura, industria, forestal, comercio y muchas otras bondades que ofrece Yungay para que convierta en la Capital de la Provincia de Diguill\u00edn.<\/p>\n<p style=\"text-align: justify;\">[su_button url=\u00bbhttps:\/\/www.facebook.com\/media\/set\/?set=a.1161006793914358.1073742635.159561284058919&amp;type=1&amp;l=360df8fd5d\u00bb target=\u00bbblank\u00bb size=\u00bb7&#8243; radius=\u00bbround\u00bb icon=\u00bbicon: camera-retro\u00bb]FOTOGRAF\u00cdAS &#8211; Alcalde y Concejales Sostienen Importante Reuni\u00f3n de Gesti\u00f3n en Santiago para que Yungay Sea la Capital Provincial de \u00d1uble[\/su_button]<\/p>\n","protected":false},"excerpt":{"rendered":"<p>Yungay, mi\u00e9rcoles 14 de octubre 2015: Una muy importante jornada de reuniones sostuvieron el d\u00eda de hoy el alcalde Pedro Inostroza junto a los Concejales Rafael Cifuentes, Juan Quezada, Juana Sandoval, Ang\u00e9lica Cabezas, Marco&#46;&#46;&#46;<\/p>\n","protected":false},"author":2,"featured_media":13766,"comment_status":"open","ping_status":"open","sticky":false,"template":"","format":"standard","meta":{"footnotes":""},"categories":[3,1],"tags":[1115,8,1085,6],"class_list":["post-13768","post","type-post","status-publish","format-standard","has-post-thumbnail","hentry","category-actualidad","category-noticias","tag-noticias","tag-yungay","tag-yungay-capital","tag-yungayino"],"_links":{"self":[{"href":"https:\/\/www.yungayino.cl\/noticias\/index.php?rest_route=\/wp\/v2\/posts\/13768","targetHints":{"allow":["GET"]}}],"collection":[{"href":"https:\/\/www.yungayino.cl\/noticias\/index.php?rest_route=\/wp\/v2\/posts"}],"about":[{"href":"https:\/\/www.yungayino.cl\/noticias\/index.php?rest_route=\/wp\/v2\/types\/post"}],"author":[{"embeddable":true,"href":"https:\/\/www.yungayino.cl\/noticias\/index.php?rest_route=\/wp\/v2\/users\/2"}],"replies":[{"embeddable":true,"href":"https:\/\/www.yungayino.cl\/noticias\/index.php?rest_route=%2Fwp%2Fv2%2Fcomments&post=13768"}],"version-history":[{"count":4,"href":"https:\/\/www.yungayino.cl\/noticias\/index.php?rest_route=\/wp\/v2\/posts\/13768\/revisions"}],"predecessor-version":[{"id":13772,"href":"https:\/\/www.yungayino.cl\/noticias\/index.php?rest_route=\/wp\/v2\/posts\/13768\/revisions\/13772"}],"wp:featuredmedia":[{"embeddable":true,"href":"https:\/\/www.yungayino.cl\/noticias\/index.php?rest_route=\/wp\/v2\/media\/13766"}],"wp:attachment":[{"href":"https:\/\/www.yungayino.cl\/noticias\/index.php?rest_route=%2Fwp%2Fv2%2Fmedia&parent=13768"}],"wp:term":[{"taxonomy":"category","embeddable":true,"href":"https:\/\/www.yungayino.cl\/noticias\/index.php?rest_route=%2Fwp%2Fv2%2Fcategories&post=13768"},{"taxonomy":"post_tag","embeddable":true,"href":"https:\/\/www.yungayino.cl\/noticias\/index.php?rest_route=%2Fwp%2Fv2%2Ftags&post=13768"}],"curies":[{"name":"wp","href":"https:\/\/api.w.org\/{rel}","templated":true}]}}