{"id":13774,"date":"2015-10-17T19:00:24","date_gmt":"2015-10-17T22:00:24","guid":{"rendered":"http:\/\/www.yungayino.cl\/noticias\/?p=13774"},"modified":"2015-10-18T16:50:35","modified_gmt":"2015-10-18T19:50:35","slug":"acto-dia-del-profesor-realizo-el-colegio-de-profesores-de-yungay","status":"publish","type":"post","link":"https:\/\/www.yungayino.cl\/noticias\/?p=13774","title":{"rendered":"Acto \u201cD\u00eda del Profesor\u201d Realiz\u00f3 el Colegio de Profesores de Yungay"},"content":{"rendered":"<p style=\"text-align: justify;\">Yungay, viernes 16 de octubre 2015: En el Auditorio de la Biblioteca P\u00fablica Oreste Montero a partir de las 12:00 horas el Colegio de Profesores de Chile Yungay realiz\u00f3 un acto para conmemorar \u201cEl D\u00eda del Profesor\u201d, efem\u00e9ride que conmemora la labor de los docentes de la educaci\u00f3n b\u00e1sica, media y superior.<\/p>\n<p style=\"text-align: justify;\">El acto estuvo encabezado por el Presidente del Colegio de Profesores de Yungay Sr. Jorge Campos, adem\u00e1s de la asistencia de la Jefa DAEM Sra. Eugenia L\u00f3pez Hern\u00e1ndez, la Sra. Cecilia Cepeda, Jefa Unidad T\u00e9cnico Pedag\u00f3gica Comunal y Concejales.<\/p>\n<p style=\"text-align: justify;\">Destacar que el momento m\u00e1s emotivo de la ceremonia fue el reconocimiento que realiz\u00f3 el gremio a los docentes que cumplieron 30 y 40 a\u00f1os de servicio, a quienes se les hizo entrega de un galvano por la destacada trayectoria como profesor.<\/p>\n<p style=\"text-align: justify;\">En la ocasi\u00f3n el Presidente del Colegio de Profesores, Sr. Jorge Campos realizo un discurso, en el cu\u00e1l reitero sus felicitaciones a los docentes que cumplieron 30 y 40 a\u00f1os de labor como profesores, tambi\u00e9n hizo menci\u00f3n a la situaci\u00f3n actual que viven los profesores con respecto a las modificaciones que se llevar\u00e1n a cabo con la nueva reforma de la educaci\u00f3n y lo vivido durante la paralizaci\u00f3n, finalizando con un llamado a seguir trabajando todos unidos para mejorar las condiciones de todos los profesores.<\/p>\n<p style=\"text-align: justify;\">Tambi\u00e9n destacar que el d\u00eda anterior y como ya es tradicional el gremio visit\u00f3 el memorial del Magisterio de Yungay ubicado en el cementerio de nuestra comuna para recordar y agradecer a los profesores que ya no se encuentran con nosotros pero sin duda dejaron un huella en la educaci\u00f3n de Yungay.<\/p>\n<p style=\"text-align: justify;\">Finalmente el Equipo del Portal Yungayino.cl saluda a todos los Profesores en su d\u00eda y destaca la abnegada labor de educar.<\/p>\n<p style=\"text-align: justify;\">[su_button url=\u00bbhttps:\/\/www.facebook.com\/media\/set\/?set=a.1162636937084677.1073742636.159561284058919&amp;type=1&amp;l=6d2e2cd449&#8243; target=\u00bbblank\u00bb size=\u00bb7&#8243; radius=\u00bbround\u00bb icon=\u00bbicon: camera-retro\u00bb]FOTOGRAF\u00cdAS &#8211; Acto \u201cD\u00eda del Profesor\u201d Realiz\u00f3 el Colegio de Profesores de Yungay[\/su_button]<\/p>\n","protected":false},"excerpt":{"rendered":"<p>Yungay, viernes 16 de octubre 2015: En el Auditorio de la Biblioteca P\u00fablica Oreste Montero a partir de las 12:00 horas el Colegio de Profesores de Chile Yungay realiz\u00f3 un acto para conmemorar \u201cEl&#46;&#46;&#46;<\/p>\n","protected":false},"author":2,"featured_media":13775,"comment_status":"open","ping_status":"open","sticky":false,"template":"","format":"standard","meta":{"footnotes":""},"categories":[3,5,1],"tags":[1169,563,1115,8,6],"class_list":["post-13774","post","type-post","status-publish","format-standard","has-post-thumbnail","hentry","category-actualidad","category-eventos","category-noticias","tag-colegio-de-profesores","tag-dia-del-profesor","tag-noticias","tag-yungay","tag-yungayino"],"_links":{"self":[{"href":"https:\/\/www.yungayino.cl\/noticias\/index.php?rest_route=\/wp\/v2\/posts\/13774","targetHints":{"allow":["GET"]}}],"collection":[{"href":"https:\/\/www.yungayino.cl\/noticias\/index.php?rest_route=\/wp\/v2\/posts"}],"about":[{"href":"https:\/\/www.yungayino.cl\/noticias\/index.php?rest_route=\/wp\/v2\/types\/post"}],"author":[{"embeddable":true,"href":"https:\/\/www.yungayino.cl\/noticias\/index.php?rest_route=\/wp\/v2\/users\/2"}],"replies":[{"embeddable":true,"href":"https:\/\/www.yungayino.cl\/noticias\/index.php?rest_route=%2Fwp%2Fv2%2Fcomments&post=13774"}],"version-history":[{"count":2,"href":"https:\/\/www.yungayino.cl\/noticias\/index.php?rest_route=\/wp\/v2\/posts\/13774\/revisions"}],"predecessor-version":[{"id":13778,"href":"https:\/\/www.yungayino.cl\/noticias\/index.php?rest_route=\/wp\/v2\/posts\/13774\/revisions\/13778"}],"wp:featuredmedia":[{"embeddable":true,"href":"https:\/\/www.yungayino.cl\/noticias\/index.php?rest_route=\/wp\/v2\/media\/13775"}],"wp:attachment":[{"href":"https:\/\/www.yungayino.cl\/noticias\/index.php?rest_route=%2Fwp%2Fv2%2Fmedia&parent=13774"}],"wp:term":[{"taxonomy":"category","embeddable":true,"href":"https:\/\/www.yungayino.cl\/noticias\/index.php?rest_route=%2Fwp%2Fv2%2Fcategories&post=13774"},{"taxonomy":"post_tag","embeddable":true,"href":"https:\/\/www.yungayino.cl\/noticias\/index.php?rest_route=%2Fwp%2Fv2%2Ftags&post=13774"}],"curies":[{"name":"wp","href":"https:\/\/api.w.org\/{rel}","templated":true}]}}