{"id":13779,"date":"2015-10-18T15:00:55","date_gmt":"2015-10-18T18:00:55","guid":{"rendered":"http:\/\/www.yungayino.cl\/noticias\/?p=13779"},"modified":"2015-10-18T17:04:09","modified_gmt":"2015-10-18T20:04:09","slug":"comite-san-francisco-de-el-cardal-de-yungay-invita-a-participar-en-el-concurso-crea-una-cancion-para-la-fiesta-de-la-esquila-y-el-canto-popular","status":"publish","type":"post","link":"https:\/\/www.yungayino.cl\/noticias\/?p=13779","title":{"rendered":"Comit\u00e9 San Francisco de El Cardal de Yungay Invita a Participar en el Concurso, Crea una Canci\u00f3n Para la \u201cFiesta de la Esquila y el Canto Popular\u201d"},"content":{"rendered":"<p style=\"text-align: justify;\">Yungay, domingo 18 de octubre 2015: El Comit\u00e9 San Francisco de El Cardal de nuestra comuna invita a participar en el Concurso, crea una canci\u00f3n para la <strong>\u201cFiesta de la Esquila y el Canto Popular\u201d,<\/strong> en su versi\u00f3n n\u00famero 21, la cu\u00e1l debe ser de ra\u00edz folcl\u00f3rica y que identifique esta actividad a perpetuidad.<\/p>\n<p style=\"text-align: justify;\">La Competencia, tendr\u00e1 lugar el d\u00eda 08 de Noviembre, durante el desarrollo del Encuentro de la Esquila y del Canto Popular, que se realiza en el predio Aguas de las Ni\u00f1as, de Don Gabriel Salidas Merino, en el Sector de El Cardal, a 4 kil\u00f3metros al oriente de nuestra comuna de Yungay desde las 10:00 Horas.<\/p>\n<p style=\"text-align: justify;\">Finalmente se invita a todos lo que quieran participar en este concurso cuyo autor de la canci\u00f3n recibir\u00e1 un galvano m\u00e1s un premio en dinero en efectivo de $200.000.-<\/p>\n<p style=\"text-align: justify;\"><a href=\"http:\/\/www.yungayino.cl\/noticias\/wp-content\/uploads\/2015\/10\/bases-una-cancion-para-la-esquila.docx\">VER BASES AQU\u00cd<\/a><\/p>\n","protected":false},"excerpt":{"rendered":"<p>Yungay, domingo 18 de octubre 2015: El Comit\u00e9 San Francisco de El Cardal de nuestra comuna invita a participar en el Concurso, crea una canci\u00f3n para la \u201cFiesta de la Esquila y el Canto&#46;&#46;&#46;<\/p>\n","protected":false},"author":2,"featured_media":13776,"comment_status":"open","ping_status":"open","sticky":false,"template":"","format":"standard","meta":{"footnotes":""},"categories":[3,5,1,15],"tags":[575,99,98,1115,8,6],"class_list":["post-13779","post","type-post","status-publish","format-standard","has-post-thumbnail","hentry","category-actualidad","category-eventos","category-noticias","category-turismo","tag-el-cardal","tag-encuentro-de-la-esquila-y-el-canto-popular","tag-esquila","tag-noticias","tag-yungay","tag-yungayino"],"_links":{"self":[{"href":"https:\/\/www.yungayino.cl\/noticias\/index.php?rest_route=\/wp\/v2\/posts\/13779","targetHints":{"allow":["GET"]}}],"collection":[{"href":"https:\/\/www.yungayino.cl\/noticias\/index.php?rest_route=\/wp\/v2\/posts"}],"about":[{"href":"https:\/\/www.yungayino.cl\/noticias\/index.php?rest_route=\/wp\/v2\/types\/post"}],"author":[{"embeddable":true,"href":"https:\/\/www.yungayino.cl\/noticias\/index.php?rest_route=\/wp\/v2\/users\/2"}],"replies":[{"embeddable":true,"href":"https:\/\/www.yungayino.cl\/noticias\/index.php?rest_route=%2Fwp%2Fv2%2Fcomments&post=13779"}],"version-history":[{"count":4,"href":"https:\/\/www.yungayino.cl\/noticias\/index.php?rest_route=\/wp\/v2\/posts\/13779\/revisions"}],"predecessor-version":[{"id":13784,"href":"https:\/\/www.yungayino.cl\/noticias\/index.php?rest_route=\/wp\/v2\/posts\/13779\/revisions\/13784"}],"wp:featuredmedia":[{"embeddable":true,"href":"https:\/\/www.yungayino.cl\/noticias\/index.php?rest_route=\/wp\/v2\/media\/13776"}],"wp:attachment":[{"href":"https:\/\/www.yungayino.cl\/noticias\/index.php?rest_route=%2Fwp%2Fv2%2Fmedia&parent=13779"}],"wp:term":[{"taxonomy":"category","embeddable":true,"href":"https:\/\/www.yungayino.cl\/noticias\/index.php?rest_route=%2Fwp%2Fv2%2Fcategories&post=13779"},{"taxonomy":"post_tag","embeddable":true,"href":"https:\/\/www.yungayino.cl\/noticias\/index.php?rest_route=%2Fwp%2Fv2%2Ftags&post=13779"}],"curies":[{"name":"wp","href":"https:\/\/api.w.org\/{rel}","templated":true}]}}