{"id":13786,"date":"2015-10-20T10:00:18","date_gmt":"2015-10-20T13:00:18","guid":{"rendered":"http:\/\/www.yungayino.cl\/noticias\/?p=13786"},"modified":"2015-10-20T15:49:16","modified_gmt":"2015-10-20T18:49:16","slug":"primera-feria-laboral-organizada-por-omil-yungay","status":"publish","type":"post","link":"https:\/\/www.yungayino.cl\/noticias\/?p=13786","title":{"rendered":"Primera Feria Laboral Organizada por OMIL Yungay"},"content":{"rendered":"<p style=\"text-align: justify;\">Yungay, martes 20 octubre 2015: La Oficina Municipal de Informaci\u00f3n Laboral realizar\u00e1 la Primera Feria Laboral, el d\u00eda viernes 30 de octubre, desde las 10:00 horas en la Plaza de Armas de nuestra comuna.<\/p>\n<p style=\"text-align: justify;\">Esta actividad tiene por objetivo que aquellas personas que se encuentren buscando una fuente laboral la puedan hacer con empresas l\u00edderes que se atreven y buscan a los mejores trabajadores.<\/p>\n","protected":false},"excerpt":{"rendered":"<p>Yungay, martes 20 octubre 2015: La Oficina Municipal de Informaci\u00f3n Laboral realizar\u00e1 la Primera Feria Laboral, el d\u00eda viernes 30 de octubre, desde las 10:00 horas en la Plaza de Armas de nuestra comuna.&#46;&#46;&#46;<\/p>\n","protected":false},"author":2,"featured_media":13787,"comment_status":"open","ping_status":"open","sticky":false,"template":"","format":"standard","meta":{"footnotes":""},"categories":[3,5,1,32],"tags":[1115,1011,1170,8,6],"class_list":["post-13786","post","type-post","status-publish","format-standard","has-post-thumbnail","hentry","category-actualidad","category-eventos","category-noticias","category-servicios","tag-noticias","tag-omil","tag-primera-feria-laboral","tag-yungay","tag-yungayino"],"_links":{"self":[{"href":"https:\/\/www.yungayino.cl\/noticias\/index.php?rest_route=\/wp\/v2\/posts\/13786","targetHints":{"allow":["GET"]}}],"collection":[{"href":"https:\/\/www.yungayino.cl\/noticias\/index.php?rest_route=\/wp\/v2\/posts"}],"about":[{"href":"https:\/\/www.yungayino.cl\/noticias\/index.php?rest_route=\/wp\/v2\/types\/post"}],"author":[{"embeddable":true,"href":"https:\/\/www.yungayino.cl\/noticias\/index.php?rest_route=\/wp\/v2\/users\/2"}],"replies":[{"embeddable":true,"href":"https:\/\/www.yungayino.cl\/noticias\/index.php?rest_route=%2Fwp%2Fv2%2Fcomments&post=13786"}],"version-history":[{"count":1,"href":"https:\/\/www.yungayino.cl\/noticias\/index.php?rest_route=\/wp\/v2\/posts\/13786\/revisions"}],"predecessor-version":[{"id":13789,"href":"https:\/\/www.yungayino.cl\/noticias\/index.php?rest_route=\/wp\/v2\/posts\/13786\/revisions\/13789"}],"wp:featuredmedia":[{"embeddable":true,"href":"https:\/\/www.yungayino.cl\/noticias\/index.php?rest_route=\/wp\/v2\/media\/13787"}],"wp:attachment":[{"href":"https:\/\/www.yungayino.cl\/noticias\/index.php?rest_route=%2Fwp%2Fv2%2Fmedia&parent=13786"}],"wp:term":[{"taxonomy":"category","embeddable":true,"href":"https:\/\/www.yungayino.cl\/noticias\/index.php?rest_route=%2Fwp%2Fv2%2Fcategories&post=13786"},{"taxonomy":"post_tag","embeddable":true,"href":"https:\/\/www.yungayino.cl\/noticias\/index.php?rest_route=%2Fwp%2Fv2%2Ftags&post=13786"}],"curies":[{"name":"wp","href":"https:\/\/api.w.org\/{rel}","templated":true}]}}