{"id":13820,"date":"2015-10-26T00:00:56","date_gmt":"2015-10-26T03:00:56","guid":{"rendered":"http:\/\/www.yungayino.cl\/noticias\/?p=13820"},"modified":"2015-10-26T00:15:14","modified_gmt":"2015-10-26T03:15:14","slug":"escuela-fernando-baquedano-organizo-iii-feria-vocacional","status":"publish","type":"post","link":"https:\/\/www.yungayino.cl\/noticias\/?p=13820","title":{"rendered":"Escuela Fernando Baquedano Organiz\u00f3 \u201cIII Feria Vocacional\u201d"},"content":{"rendered":"<p style=\"text-align: justify;\">El Departamento de Orientaci\u00f3n Psicosocial de la Escuela Fernando Baquedano de Yungay, organiz\u00f3 el d\u00eda viernes 23 de octubre la \u201cIII Feria de Orientaci\u00f3n Vocacional\u201d, bajo el slogan: <strong>Proyectando Futuro m\u00e1s all\u00e1 de Nuestra Aulas<\/strong>, la que se llev\u00f3 a cabo con presentaciones de expositores en el auditorio de la Biblioteca P\u00fablica Oreste Montero, adem\u00e1s de instalaciones de Stand en la Plaza Iquique de nuestra comuna.<\/p>\n<p style=\"text-align: justify;\">Se\u00f1alar que dentro de las instituciones que participaron fueron Carabineros, Polic\u00eda de Investigaciones, Gendarmer\u00eda, Liceo Agr\u00edcola de Chill\u00e1n, Liceo de Campanario y Liceo de Yungay.<\/p>\n<p style=\"text-align: justify;\">Sergio Cifuentes Urbano, Director (s) de la Escuela Fernando Baquedano se\u00f1alo al Equipo del Portal Yungayino.cl sentirse muy contento y destac\u00f3 el esfuerzo de los profesores del Departamento de Orientaci\u00f3n Psicosocial por realizar esta III feria y destac\u00f3 las excelentes presentaciones y participaci\u00f3n de las diferentes instituciones.<\/p>\n<p style=\"text-align: justify;\">Por su parte el profesor Zoilo Irarr\u00e1zaval, agradeci\u00f3 la cobertura de nuestro medio de comunicaci\u00f3n a esta importante feria en su tercera versi\u00f3n, donde destac\u00f3 el esfuerzo del equipo por traer a las diferentes instituciones con el objetivo de entregarles herramientas a los ni\u00f1os, sobre todo a los de octavo b\u00e1sico para su continuidad de estudio, desde las diferentes \u00e1reas t\u00e9cnicas e incluso orden y seguridad como Carabineros, PDI y Gendarmer\u00eda, quienes tambi\u00e9n ofrecen carreras t\u00e9cnicas para los j\u00f3venes.<\/p>\n<p style=\"text-align: justify;\">Finalmente las alumnas Monserrat L\u00f3pez y Krisna Pezoa, pertenecientes al octavo a\u00f1o C, se\u00f1alaron al Portal estar muy contentas con la feria, donde destacaron que pudieron informase sobre las diferentes alternativas que ofrec\u00edan las instituciones presentes y tambi\u00e9n realizar consultas como postular para ser carabinera o funcionarias de la PDI, adem\u00e1s esperan que la feria se vuelva a repetir en el futuro.<\/p>\n<p style=\"text-align: justify;\">[su_button url=\u00bbhttps:\/\/www.facebook.com\/media\/set\/?set=a.1166191483395889.1073742642.159561284058919&amp;type=1&amp;l=9434257866&#8243; target=\u00bbblank\u00bb size=\u00bb7&#8243; radius=\u00bbround\u00bb icon=\u00bbicon: camera-retro\u00bb]FOTOGRAF\u00cdAS &#8211; Escuela Fernando Baquedano Organiz\u00f3 \u201cIII Feria Vocacional\u201d[\/su_button]<\/p>\n","protected":false},"excerpt":{"rendered":"<p>El Departamento de Orientaci\u00f3n Psicosocial de la Escuela Fernando Baquedano de Yungay, organiz\u00f3 el d\u00eda viernes 23 de octubre la \u201cIII Feria de Orientaci\u00f3n Vocacional\u201d, bajo el slogan: Proyectando Futuro m\u00e1s all\u00e1 de Nuestra&#46;&#46;&#46;<\/p>\n","protected":false},"author":2,"featured_media":13812,"comment_status":"open","ping_status":"open","sticky":false,"template":"","format":"standard","meta":{"footnotes":""},"categories":[3,5,1,32],"tags":[190,1175,1115,8,6],"class_list":["post-13820","post","type-post","status-publish","format-standard","has-post-thumbnail","hentry","category-actualidad","category-eventos","category-noticias","category-servicios","tag-escuela-fernando-baquedano","tag-feria-vocacional","tag-noticias","tag-yungay","tag-yungayino"],"_links":{"self":[{"href":"https:\/\/www.yungayino.cl\/noticias\/index.php?rest_route=\/wp\/v2\/posts\/13820","targetHints":{"allow":["GET"]}}],"collection":[{"href":"https:\/\/www.yungayino.cl\/noticias\/index.php?rest_route=\/wp\/v2\/posts"}],"about":[{"href":"https:\/\/www.yungayino.cl\/noticias\/index.php?rest_route=\/wp\/v2\/types\/post"}],"author":[{"embeddable":true,"href":"https:\/\/www.yungayino.cl\/noticias\/index.php?rest_route=\/wp\/v2\/users\/2"}],"replies":[{"embeddable":true,"href":"https:\/\/www.yungayino.cl\/noticias\/index.php?rest_route=%2Fwp%2Fv2%2Fcomments&post=13820"}],"version-history":[{"count":2,"href":"https:\/\/www.yungayino.cl\/noticias\/index.php?rest_route=\/wp\/v2\/posts\/13820\/revisions"}],"predecessor-version":[{"id":13822,"href":"https:\/\/www.yungayino.cl\/noticias\/index.php?rest_route=\/wp\/v2\/posts\/13820\/revisions\/13822"}],"wp:featuredmedia":[{"embeddable":true,"href":"https:\/\/www.yungayino.cl\/noticias\/index.php?rest_route=\/wp\/v2\/media\/13812"}],"wp:attachment":[{"href":"https:\/\/www.yungayino.cl\/noticias\/index.php?rest_route=%2Fwp%2Fv2%2Fmedia&parent=13820"}],"wp:term":[{"taxonomy":"category","embeddable":true,"href":"https:\/\/www.yungayino.cl\/noticias\/index.php?rest_route=%2Fwp%2Fv2%2Fcategories&post=13820"},{"taxonomy":"post_tag","embeddable":true,"href":"https:\/\/www.yungayino.cl\/noticias\/index.php?rest_route=%2Fwp%2Fv2%2Ftags&post=13820"}],"curies":[{"name":"wp","href":"https:\/\/api.w.org\/{rel}","templated":true}]}}