{"id":13837,"date":"2015-10-30T23:00:54","date_gmt":"2015-10-31T02:00:54","guid":{"rendered":"http:\/\/www.yungayino.cl\/noticias\/?p=13837"},"modified":"2015-10-31T15:39:52","modified_gmt":"2015-10-31T18:39:52","slug":"liceo-a-17-de-yungay-realizo-desfile-de-carros-alegoricos-en-su-aniversario","status":"publish","type":"post","link":"https:\/\/www.yungayino.cl\/noticias\/?p=13837","title":{"rendered":"Liceo A- 17 de Yungay Realizo Desfile de Carros Aleg\u00f3ricos en su Aniversario"},"content":{"rendered":"<p style=\"text-align: justify;\">Yungay, viernes 30 de octubre 2015: Con motivo de un nuevo aniversario la comunidad escolar del Liceo A-17, realiz\u00f3 un desfile por las calles de nuestra comuna con los tradicionales carros aleg\u00f3ricos y as\u00ed conmemorar un nuevo a\u00f1o de existencia de su establecimiento educacional.<\/p>\n<p style=\"text-align: justify;\">La actividad se concentr\u00f3 en el centro de nuestra comuna, donde las cuatro alianzas conformadas por los 1\u00b0 medios (amarilla), 2\u00b0 medios (azul), 3\u00b0 medios (verde) y 4\u00b0 medios (roja) mostraron un hermoso trabajo con la presentaci\u00f3n de sus respectivos carros aleg\u00f3ricos.<\/p>\n<p style=\"text-align: justify;\">Finalmente el p\u00fablico yungayino que se encontraba en la Plaza Iquique pudo disfrutar de un bonito espect\u00e1culo, donde varios quedaron deslumbrados con la creatividad de los alumnos que en compa\u00f1\u00eda de profesores y apoderados recorr\u00edan disfrazados y entusiasmados, apoyando a sus respectivas alianzas por las calles c\u00e9ntricas de la comuna.<\/p>\n<p style=\"text-align: justify;\">[su_button url=\u00bbhttps:\/\/www.facebook.com\/media\/set\/?set=a.1170841219597582.1073742646.159561284058919&amp;type=1&amp;l=64e45483ac\u00bb target=\u00bbblank\u00bb size=\u00bb7&#8243; radius=\u00bbround\u00bb icon=\u00bbicon: camera-retro\u00bb]FOTOGRAF\u00cdAS &#8211; Liceo A- 17 de Yungay Realizo Desfile de Carros Aleg\u00f3ricos en su Aniversario[\/su_button]<\/p>\n","protected":false},"excerpt":{"rendered":"<p>Yungay, viernes 30 de octubre 2015: Con motivo de un nuevo aniversario la comunidad escolar del Liceo A-17, realiz\u00f3 un desfile por las calles de nuestra comuna con los tradicionales carros aleg\u00f3ricos y as\u00ed&#46;&#46;&#46;<\/p>\n","protected":false},"author":2,"featured_media":13838,"comment_status":"open","ping_status":"open","sticky":false,"template":"","format":"standard","meta":{"footnotes":""},"categories":[5,1],"tags":[1178,785,89,1115,8,6],"class_list":["post-13837","post","type-post","status-publish","format-standard","has-post-thumbnail","hentry","category-eventos","category-noticias","tag-aniversario-liceo","tag-carros-alegoricos","tag-liceo-yungay","tag-noticias","tag-yungay","tag-yungayino"],"_links":{"self":[{"href":"https:\/\/www.yungayino.cl\/noticias\/index.php?rest_route=\/wp\/v2\/posts\/13837","targetHints":{"allow":["GET"]}}],"collection":[{"href":"https:\/\/www.yungayino.cl\/noticias\/index.php?rest_route=\/wp\/v2\/posts"}],"about":[{"href":"https:\/\/www.yungayino.cl\/noticias\/index.php?rest_route=\/wp\/v2\/types\/post"}],"author":[{"embeddable":true,"href":"https:\/\/www.yungayino.cl\/noticias\/index.php?rest_route=\/wp\/v2\/users\/2"}],"replies":[{"embeddable":true,"href":"https:\/\/www.yungayino.cl\/noticias\/index.php?rest_route=%2Fwp%2Fv2%2Fcomments&post=13837"}],"version-history":[{"count":2,"href":"https:\/\/www.yungayino.cl\/noticias\/index.php?rest_route=\/wp\/v2\/posts\/13837\/revisions"}],"predecessor-version":[{"id":13840,"href":"https:\/\/www.yungayino.cl\/noticias\/index.php?rest_route=\/wp\/v2\/posts\/13837\/revisions\/13840"}],"wp:featuredmedia":[{"embeddable":true,"href":"https:\/\/www.yungayino.cl\/noticias\/index.php?rest_route=\/wp\/v2\/media\/13838"}],"wp:attachment":[{"href":"https:\/\/www.yungayino.cl\/noticias\/index.php?rest_route=%2Fwp%2Fv2%2Fmedia&parent=13837"}],"wp:term":[{"taxonomy":"category","embeddable":true,"href":"https:\/\/www.yungayino.cl\/noticias\/index.php?rest_route=%2Fwp%2Fv2%2Fcategories&post=13837"},{"taxonomy":"post_tag","embeddable":true,"href":"https:\/\/www.yungayino.cl\/noticias\/index.php?rest_route=%2Fwp%2Fv2%2Ftags&post=13837"}],"curies":[{"name":"wp","href":"https:\/\/api.w.org\/{rel}","templated":true}]}}