{"id":13868,"date":"2015-11-03T15:00:48","date_gmt":"2015-11-03T18:00:48","guid":{"rendered":"http:\/\/www.yungayino.cl\/noticias\/?p=13868"},"modified":"2015-11-03T16:25:41","modified_gmt":"2015-11-03T19:25:41","slug":"xxi-encuentro-de-la-esquila-y-el-canto-popular-se-realizara-en-yungay","status":"publish","type":"post","link":"https:\/\/www.yungayino.cl\/noticias\/?p=13868","title":{"rendered":"XXI \u201cEncuentro de la Esquila y El Canto Popular\u201d se Realizar\u00e1 en Yungay"},"content":{"rendered":"<p style=\"text-align: justify;\">Yungay, 03 de noviembre 2015: El Comit\u00e9 Campesino \u201cSan Francisco El Cardal\u201d, invita a toda la comunidad de Yungay y visitantes a participar de la <strong>\u201cXXI Encuentro de la Esquila y El Canto Popular\u201d <\/strong>que se realizar\u00e1 este domingo 08 de noviembre en el Sector del Cardal a 4 kil\u00f3metros al oriente de nuestra comuna de Yungay.<\/p>\n<p style=\"text-align: justify;\">Este tradicional encuentro de car\u00e1cter costumbrista busca preservar una de las m\u00e1s antiguas tradiciones de la comuna de Yungay asociadas al manejo de ganado ovino, donde se ha preparado un variado programa con concursos de esquila, hilado, juegos populares, entre otras muestras acompa\u00f1adas de la mejor gastronom\u00eda de la zona. El evento comenzar\u00e1 a las 10:00 horas y se prolongar\u00e1 hasta las 20:00 horas.<\/p>\n<p style=\"text-align: justify;\"><strong><u>PROGRAMA<\/u><\/strong><\/p>\n<p style=\"text-align: justify;\">10:00 Inicio e Inauguraci\u00f3n.<\/p>\n<p style=\"text-align: justify;\">10:30 Juegos Criollos (ni\u00f1os y adultos).<\/p>\n<p style=\"text-align: justify;\">12:00 Presentaci\u00f3n Competencia 3 canciones seleccionadas para concurso.<\/p>\n<p style=\"text-align: justify;\">13:00 Almuerzo con m\u00fasica del Conjunto Folcl\u00f3ricos \u00abLos de \u00d1uble\u00bb.<\/p>\n<p style=\"text-align: justify;\">14:30 Competencia de Esquila (hombres y mujeres).<\/p>\n<p style=\"text-align: justify;\">15:30 Presentaci\u00f3n Huaso Montero.<\/p>\n<p style=\"text-align: justify;\">16:30 Premiaci\u00f3n Canci\u00f3n Ganadora del Concurso.<\/p>\n<p style=\"text-align: justify;\">17:30 Competencia de Hilado y Tejido.<\/p>\n<p style=\"text-align: justify;\">18:00 Presentaci\u00f3n art\u00edstica Ballet Folcl\u00f3rico.<\/p>\n<p style=\"text-align: justify;\">18:30 Premiaci\u00f3n Competencia Esquila, Hilado y Tejido.<\/p>\n<p style=\"text-align: justify;\">19:00 Presentaci\u00f3n Conjunto Folcl\u00f3rico, Los \u00c1guilas del Monte.<\/p>\n<p style=\"text-align: justify;\">20:00 Cierre con Grupo Ranchero.<\/p>\n","protected":false},"excerpt":{"rendered":"<p>Yungay, 03 de noviembre 2015: El Comit\u00e9 Campesino \u201cSan Francisco El Cardal\u201d, invita a toda la comunidad de Yungay y visitantes a participar de la \u201cXXI Encuentro de la Esquila y El Canto Popular\u201d&#46;&#46;&#46;<\/p>\n","protected":false},"author":2,"featured_media":13869,"comment_status":"open","ping_status":"open","sticky":false,"template":"","format":"standard","meta":{"footnotes":""},"categories":[5,1,15],"tags":[575,99,98,1115,8,6],"class_list":["post-13868","post","type-post","status-publish","format-standard","has-post-thumbnail","hentry","category-eventos","category-noticias","category-turismo","tag-el-cardal","tag-encuentro-de-la-esquila-y-el-canto-popular","tag-esquila","tag-noticias","tag-yungay","tag-yungayino"],"_links":{"self":[{"href":"https:\/\/www.yungayino.cl\/noticias\/index.php?rest_route=\/wp\/v2\/posts\/13868","targetHints":{"allow":["GET"]}}],"collection":[{"href":"https:\/\/www.yungayino.cl\/noticias\/index.php?rest_route=\/wp\/v2\/posts"}],"about":[{"href":"https:\/\/www.yungayino.cl\/noticias\/index.php?rest_route=\/wp\/v2\/types\/post"}],"author":[{"embeddable":true,"href":"https:\/\/www.yungayino.cl\/noticias\/index.php?rest_route=\/wp\/v2\/users\/2"}],"replies":[{"embeddable":true,"href":"https:\/\/www.yungayino.cl\/noticias\/index.php?rest_route=%2Fwp%2Fv2%2Fcomments&post=13868"}],"version-history":[{"count":2,"href":"https:\/\/www.yungayino.cl\/noticias\/index.php?rest_route=\/wp\/v2\/posts\/13868\/revisions"}],"predecessor-version":[{"id":13871,"href":"https:\/\/www.yungayino.cl\/noticias\/index.php?rest_route=\/wp\/v2\/posts\/13868\/revisions\/13871"}],"wp:featuredmedia":[{"embeddable":true,"href":"https:\/\/www.yungayino.cl\/noticias\/index.php?rest_route=\/wp\/v2\/media\/13869"}],"wp:attachment":[{"href":"https:\/\/www.yungayino.cl\/noticias\/index.php?rest_route=%2Fwp%2Fv2%2Fmedia&parent=13868"}],"wp:term":[{"taxonomy":"category","embeddable":true,"href":"https:\/\/www.yungayino.cl\/noticias\/index.php?rest_route=%2Fwp%2Fv2%2Fcategories&post=13868"},{"taxonomy":"post_tag","embeddable":true,"href":"https:\/\/www.yungayino.cl\/noticias\/index.php?rest_route=%2Fwp%2Fv2%2Ftags&post=13868"}],"curies":[{"name":"wp","href":"https:\/\/api.w.org\/{rel}","templated":true}]}}