{"id":13878,"date":"2015-11-05T16:00:50","date_gmt":"2015-11-05T19:00:50","guid":{"rendered":"http:\/\/www.yungayino.cl\/noticias\/?p=13878"},"modified":"2015-11-05T17:17:04","modified_gmt":"2015-11-05T20:17:04","slug":"liceo-a-17-de-yungay-realizo-v-feria-de-orientacion-vocacional","status":"publish","type":"post","link":"https:\/\/www.yungayino.cl\/noticias\/?p=13878","title":{"rendered":"Liceo A &#8211; 17 de Yungay Realiz\u00f3 \u201cV Feria de Orientaci\u00f3n Vocacional\u201d"},"content":{"rendered":"<p style=\"text-align: justify;\">Yungay, jueves 05 de noviembre 2015: El Liceo A -17 de Yungay organiz\u00f3 la\u00a0<strong>\u201cV Feria de Orientaci\u00f3n Vocacional\u201d,<\/strong><strong>\u00a0<\/strong>la que se llev\u00f3 a cabo el d\u00eda de ayer en las dependencias del liceo Modular.<\/p>\n<p style=\"text-align: justify;\">La jornada se inici\u00f3 con la recepci\u00f3n de las 23 instituciones participantes, para luego continuar con un acto central encabezado por su Director Sergio Villalobos y la Orientadora Marianela Fern\u00e1ndez, adem\u00e1s de autoridades, invitados especiales, apoderados, alumnos y docentes.<\/p>\n<p style=\"text-align: justify;\">Sergio Villalobos, destac\u00f3 esta quinta versi\u00f3n, donde lo m\u00e1s importante es que los alumnos, y por sobre todo los de cuarto a\u00f1o de ense\u00f1anza media pudieran tomar contactos con las instituciones presentes y consiguieran aclarar dudas sobre las carreras que ofrecen, y que les permita o favorezca a tomar buenas decisiones en su futuro.<\/p>\n<p style=\"text-align: justify;\">Marianela Fern\u00e1ndez, se\u00f1alo al Equipo del Portal Yungayino.cl que la feria tiene el prop\u00f3sito de mostrar y motivar a los estudiantes sobre las diferentes carreras profesionales que est\u00e1n disponibles para nuestros alumnos y j\u00f3venes de nuestra comuna, tambi\u00e9n para ayudarles a tomar una buena decisi\u00f3n y poder estar informado, adem\u00e1s de conocer las diferentes casas de estudios que por alguna raz\u00f3n no han podido conocer, tambi\u00e9n destac\u00f3 la participaci\u00f3n de las Fuerzas Armadas, Carabineros y PDI, quienes tambi\u00e9n ofrecen carreras t\u00e9cnicas para los j\u00f3venes.<\/p>\n<p style=\"text-align: justify;\">Finalmente mencionar que la feria se extendi\u00f3 por todo el d\u00eda, donde los diferentes cursos y tambi\u00e9n apoderados pudieron participar de variadas charlas.<\/p>\n<p style=\"text-align: justify;\">[su_button url=\u00bbhttps:\/\/www.facebook.com\/media\/set\/?set=a.1173246196023751.1073742654.159561284058919&amp;type=1&amp;l=5cf2f83f5f\u00bb target=\u00bbblank\u00bb size=\u00bb7&#8243; radius=\u00bbround\u00bb icon=\u00bbicon: camera-retro\u00bb]FOTOGRAF\u00cdAS &#8211; Liceo A &#8211; 17 de Yungay Realiz\u00f3 \u201cV Feria de Orientaci\u00f3n Vocacional\u201d[\/su_button]<\/p>\n","protected":false},"excerpt":{"rendered":"<p>Yungay, jueves 05 de noviembre 2015: El Liceo A -17 de Yungay organiz\u00f3 la\u00a0\u201cV Feria de Orientaci\u00f3n Vocacional\u201d,\u00a0la que se llev\u00f3 a cabo el d\u00eda de ayer en las dependencias del liceo Modular. La&#46;&#46;&#46;<\/p>\n","protected":false},"author":2,"featured_media":13875,"comment_status":"open","ping_status":"open","sticky":false,"template":"","format":"standard","meta":{"footnotes":""},"categories":[1],"tags":[89,1115,1185,8,117],"class_list":["post-13878","post","type-post","status-publish","format-standard","has-post-thumbnail","hentry","category-noticias","tag-liceo-yungay","tag-noticias","tag-v-feria-vocacional","tag-yungay","tag-yungayinocl"],"_links":{"self":[{"href":"https:\/\/www.yungayino.cl\/noticias\/index.php?rest_route=\/wp\/v2\/posts\/13878","targetHints":{"allow":["GET"]}}],"collection":[{"href":"https:\/\/www.yungayino.cl\/noticias\/index.php?rest_route=\/wp\/v2\/posts"}],"about":[{"href":"https:\/\/www.yungayino.cl\/noticias\/index.php?rest_route=\/wp\/v2\/types\/post"}],"author":[{"embeddable":true,"href":"https:\/\/www.yungayino.cl\/noticias\/index.php?rest_route=\/wp\/v2\/users\/2"}],"replies":[{"embeddable":true,"href":"https:\/\/www.yungayino.cl\/noticias\/index.php?rest_route=%2Fwp%2Fv2%2Fcomments&post=13878"}],"version-history":[{"count":2,"href":"https:\/\/www.yungayino.cl\/noticias\/index.php?rest_route=\/wp\/v2\/posts\/13878\/revisions"}],"predecessor-version":[{"id":13880,"href":"https:\/\/www.yungayino.cl\/noticias\/index.php?rest_route=\/wp\/v2\/posts\/13878\/revisions\/13880"}],"wp:featuredmedia":[{"embeddable":true,"href":"https:\/\/www.yungayino.cl\/noticias\/index.php?rest_route=\/wp\/v2\/media\/13875"}],"wp:attachment":[{"href":"https:\/\/www.yungayino.cl\/noticias\/index.php?rest_route=%2Fwp%2Fv2%2Fmedia&parent=13878"}],"wp:term":[{"taxonomy":"category","embeddable":true,"href":"https:\/\/www.yungayino.cl\/noticias\/index.php?rest_route=%2Fwp%2Fv2%2Fcategories&post=13878"},{"taxonomy":"post_tag","embeddable":true,"href":"https:\/\/www.yungayino.cl\/noticias\/index.php?rest_route=%2Fwp%2Fv2%2Ftags&post=13878"}],"curies":[{"name":"wp","href":"https:\/\/api.w.org\/{rel}","templated":true}]}}