{"id":13881,"date":"2015-11-05T17:00:55","date_gmt":"2015-11-05T20:00:55","guid":{"rendered":"http:\/\/www.yungayino.cl\/noticias\/?p=13881"},"modified":"2015-11-05T17:53:45","modified_gmt":"2015-11-05T20:53:45","slug":"liceo-tecnico-profesional-de-campanario-celebro-un-nuevo-aniversario","status":"publish","type":"post","link":"https:\/\/www.yungayino.cl\/noticias\/?p=13881","title":{"rendered":"Liceo T\u00e9cnico Profesional de Campanario Celebr\u00f3 un Nuevo Aniversario"},"content":{"rendered":"<p style=\"text-align: justify;\">Campanario, jueves 05 de noviembre 2015: La Comunidad Escolar del Liceo T\u00e9cnico Profesional, cuya directora es la se\u00f1ora Carmen Panes Cid, realiz\u00f3 un acto con motivo de la celebraci\u00f3n de su cuarto a\u00f1o de aniversario. La ceremonia cont\u00f3 con la asistencia de la Directora del Departamento de Educaci\u00f3n Municipal de Yungay, Eugenia L\u00f3pez, Concejales, autoridades, padres, apoderados, docentes y alumnos.<\/p>\n<p style=\"text-align: justify;\">Destacar que el Liceo T\u00e9cnico Profesional, fue creado con la intenci\u00f3n de proporcionar una mejor oportunidad educacional a los j\u00f3venes de la comunidad de Campanario y tambi\u00e9n a los pertenecientes a otros sectores de la comuna y sus alrededores, ofreci\u00e9ndoles carreras t\u00e9cnico profesionales para los j\u00f3venes de \u201cMec\u00e1nico Industrial\u201d y \u201cAsistente de P\u00e1rvulo\u201d<\/p>\n<p style=\"text-align: justify;\">Carmen Panes Cid, se\u00f1alo al Equipo del Portal Yungayino.cl, que en este cuarto aniversario los escolares se encuentran realizando un variado programa de actividades para celebrar, tambi\u00e9n se\u00f1alo que en esta ocasi\u00f3n se realizaron entrega de reconocimientos a funcionarios, apoderados y estudiantes destacados por cumplir con el perfil que el liceo requiere.<\/p>\n<p style=\"text-align: justify;\">Finalmente el acto termino con la presentaci\u00f3n de los reyes de los diferentes cursos y el grito de apoyo de cada alianza.<\/p>\n<p style=\"text-align: justify;\">[su_button url=\u00bbhttps:\/\/www.facebook.com\/media\/set\/?set=a.1173251669356537.1073742655.159561284058919&amp;type=1&amp;l=62e3a2109e\u00bb target=\u00bbblank\u00bb size=\u00bb7&#8243; radius=\u00bbround\u00bb icon=\u00bbicon: camera-retro\u00bb]FOTOGRAF\u00cdAS &#8211; Liceo T\u00e9cnico Profesional de Campanario Celebr\u00f3 un Nuevo Aniversario[\/su_button]<\/p>\n","protected":false},"excerpt":{"rendered":"<p>Campanario, jueves 05 de noviembre 2015: La Comunidad Escolar del Liceo T\u00e9cnico Profesional, cuya directora es la se\u00f1ora Carmen Panes Cid, realiz\u00f3 un acto con motivo de la celebraci\u00f3n de su cuarto a\u00f1o de&#46;&#46;&#46;<\/p>\n","protected":false},"author":2,"featured_media":13876,"comment_status":"open","ping_status":"open","sticky":false,"template":"","format":"standard","meta":{"footnotes":""},"categories":[1],"tags":[31,1186,771,1115,8,117],"class_list":["post-13881","post","type-post","status-publish","format-standard","has-post-thumbnail","hentry","category-noticias","tag-campanario","tag-cuarto-aniversario","tag-liceo-campanario","tag-noticias","tag-yungay","tag-yungayinocl"],"_links":{"self":[{"href":"https:\/\/www.yungayino.cl\/noticias\/index.php?rest_route=\/wp\/v2\/posts\/13881","targetHints":{"allow":["GET"]}}],"collection":[{"href":"https:\/\/www.yungayino.cl\/noticias\/index.php?rest_route=\/wp\/v2\/posts"}],"about":[{"href":"https:\/\/www.yungayino.cl\/noticias\/index.php?rest_route=\/wp\/v2\/types\/post"}],"author":[{"embeddable":true,"href":"https:\/\/www.yungayino.cl\/noticias\/index.php?rest_route=\/wp\/v2\/users\/2"}],"replies":[{"embeddable":true,"href":"https:\/\/www.yungayino.cl\/noticias\/index.php?rest_route=%2Fwp%2Fv2%2Fcomments&post=13881"}],"version-history":[{"count":2,"href":"https:\/\/www.yungayino.cl\/noticias\/index.php?rest_route=\/wp\/v2\/posts\/13881\/revisions"}],"predecessor-version":[{"id":13883,"href":"https:\/\/www.yungayino.cl\/noticias\/index.php?rest_route=\/wp\/v2\/posts\/13881\/revisions\/13883"}],"wp:featuredmedia":[{"embeddable":true,"href":"https:\/\/www.yungayino.cl\/noticias\/index.php?rest_route=\/wp\/v2\/media\/13876"}],"wp:attachment":[{"href":"https:\/\/www.yungayino.cl\/noticias\/index.php?rest_route=%2Fwp%2Fv2%2Fmedia&parent=13881"}],"wp:term":[{"taxonomy":"category","embeddable":true,"href":"https:\/\/www.yungayino.cl\/noticias\/index.php?rest_route=%2Fwp%2Fv2%2Fcategories&post=13881"},{"taxonomy":"post_tag","embeddable":true,"href":"https:\/\/www.yungayino.cl\/noticias\/index.php?rest_route=%2Fwp%2Fv2%2Ftags&post=13881"}],"curies":[{"name":"wp","href":"https:\/\/api.w.org\/{rel}","templated":true}]}}