{"id":13884,"date":"2015-11-07T23:00:19","date_gmt":"2015-11-08T02:00:19","guid":{"rendered":"http:\/\/www.yungayino.cl\/noticias\/?p=13884"},"modified":"2015-11-08T19:45:23","modified_gmt":"2015-11-08T22:45:23","slug":"bomberos-de-la-provincia-de-nuble-participan-de-reunion-mensual-de-consejo-en-yungay","status":"publish","type":"post","link":"https:\/\/www.yungayino.cl\/noticias\/?p=13884","title":{"rendered":"Bomberos de la Provincia de \u00d1uble Participan de Reuni\u00f3n Mensual de Consejo en Yungay"},"content":{"rendered":"<p style=\"text-align: justify;\">Yungay, s\u00e1bado 7 de noviembre 2015: En las dependencias del auditorio de la Biblioteca P\u00fablica Oreste Montero se llev\u00f3 a cabo la reuni\u00f3n mensual del Consejo Provincial de Cuerpos de Bomberos de \u00d1uble, al cual asistieron los Superintendentes y Comandantes de los 19 cuerpos de bomberos, adem\u00e1s de la asistencia y participaci\u00f3n del Presidente Regi\u00f3n del Biob\u00edo, Sr.Dino Olivieri D\u00edaz.<\/p>\n<p style=\"text-align: justify;\">Pedro Carrasco Mieres, Superintendente del Cuerpo de Bomberos de Yungay, se\u00f1alo al Equipo del Portal Yungayino.cl, que esta importante reuni\u00f3n mensual tiene por objetivo que los participantes intercambien ideas y experiencia, adem\u00e1s de comentar sus avances y futuros proyectos.<\/p>\n<p style=\"text-align: justify;\">Dino Olivieri D\u00edaz, Presidente de Bomberos Regi\u00f3n del Biob\u00edo, se\u00f1alo que esta reuni\u00f3n mensual les permite coordinarse y tomar acciones a seguir sobre la labor que realiza bomberos en su comuna.<\/p>\n<p style=\"text-align: justify;\">Tambi\u00e9n se\u00f1alo que durante esta reuni\u00f3n se est\u00e1n organizando para un gran desaf\u00edo que tienen como regi\u00f3n, que es organizar la celebraci\u00f3n del \u201cD\u00eda de la Tradici\u00f3n\u201d que se celebrar\u00e1 el 21 de noviembre en la comuna de Quill\u00f3n, donde se reconocer\u00e1 a los Bomberos que cumplen 50 a\u00f1os de servicio.<\/p>\n<p style=\"text-align: justify;\">Con respecto a los Bomberos de Yungay el presidente se\u00f1alo que Yungay est\u00e1 muy bien organizado adem\u00e1s destac\u00f3 un muy buen futuro, ya que la pr\u00f3xima semana se entrega el terreno para la compa\u00f1\u00eda de Campanario y el pr\u00f3ximo a\u00f1o se estar\u00eda haciendo el dise\u00f1o y licitaci\u00f3n para la nueva construcci\u00f3n del cuartel de Bomberos de Yungay y la pronta llegada de 2 nuevos carros para Bomberos de Yungay.<\/p>\n<p style=\"text-align: justify;\">Finalmente la actividad concluy\u00f3 por la tarde con un almuerzo de camarader\u00eda, el cual cont\u00f3 con invitados especiales y autoridades de la comuna.<\/p>\n<p style=\"text-align: justify;\">[su_button url=\u00bbhttps:\/\/www.facebook.com\/media\/set\/?set=a.1174844945863876.1073742656.159561284058919&amp;type=1&amp;l=08b0568e47&#8243; target=\u00bbblank\u00bb size=\u00bb7&#8243; radius=\u00bbround\u00bb icon=\u00bbicon: camera-retro\u00bb]FOTOGRAF\u00cdAS &#8211; Bomberos de la Provincia de \u00d1uble Participan de Reuni\u00f3n Mensual de Consejo en Yungay[\/su_button]<\/p>\n","protected":false},"excerpt":{"rendered":"<p>Yungay, s\u00e1bado 7 de noviembre 2015: En las dependencias del auditorio de la Biblioteca P\u00fablica Oreste Montero se llev\u00f3 a cabo la reuni\u00f3n mensual del Consejo Provincial de Cuerpos de Bomberos de \u00d1uble, al&#46;&#46;&#46;<\/p>\n","protected":false},"author":2,"featured_media":13885,"comment_status":"open","ping_status":"open","sticky":false,"template":"","format":"standard","meta":{"footnotes":""},"categories":[1],"tags":[37,1115,8,117],"class_list":["post-13884","post","type-post","status-publish","format-standard","has-post-thumbnail","hentry","category-noticias","tag-bomberos","tag-noticias","tag-yungay","tag-yungayinocl"],"_links":{"self":[{"href":"https:\/\/www.yungayino.cl\/noticias\/index.php?rest_route=\/wp\/v2\/posts\/13884","targetHints":{"allow":["GET"]}}],"collection":[{"href":"https:\/\/www.yungayino.cl\/noticias\/index.php?rest_route=\/wp\/v2\/posts"}],"about":[{"href":"https:\/\/www.yungayino.cl\/noticias\/index.php?rest_route=\/wp\/v2\/types\/post"}],"author":[{"embeddable":true,"href":"https:\/\/www.yungayino.cl\/noticias\/index.php?rest_route=\/wp\/v2\/users\/2"}],"replies":[{"embeddable":true,"href":"https:\/\/www.yungayino.cl\/noticias\/index.php?rest_route=%2Fwp%2Fv2%2Fcomments&post=13884"}],"version-history":[{"count":2,"href":"https:\/\/www.yungayino.cl\/noticias\/index.php?rest_route=\/wp\/v2\/posts\/13884\/revisions"}],"predecessor-version":[{"id":13887,"href":"https:\/\/www.yungayino.cl\/noticias\/index.php?rest_route=\/wp\/v2\/posts\/13884\/revisions\/13887"}],"wp:featuredmedia":[{"embeddable":true,"href":"https:\/\/www.yungayino.cl\/noticias\/index.php?rest_route=\/wp\/v2\/media\/13885"}],"wp:attachment":[{"href":"https:\/\/www.yungayino.cl\/noticias\/index.php?rest_route=%2Fwp%2Fv2%2Fmedia&parent=13884"}],"wp:term":[{"taxonomy":"category","embeddable":true,"href":"https:\/\/www.yungayino.cl\/noticias\/index.php?rest_route=%2Fwp%2Fv2%2Fcategories&post=13884"},{"taxonomy":"post_tag","embeddable":true,"href":"https:\/\/www.yungayino.cl\/noticias\/index.php?rest_route=%2Fwp%2Fv2%2Ftags&post=13884"}],"curies":[{"name":"wp","href":"https:\/\/api.w.org\/{rel}","templated":true}]}}