{"id":13888,"date":"2015-11-08T20:00:46","date_gmt":"2015-11-08T23:00:46","guid":{"rendered":"http:\/\/www.yungayino.cl\/noticias\/?p=13888"},"modified":"2015-11-08T23:56:45","modified_gmt":"2015-11-09T02:56:45","slug":"gran-velada-artistica-familiar-realizo-el-colegio-divina-pastora-de-yungay","status":"publish","type":"post","link":"https:\/\/www.yungayino.cl\/noticias\/?p=13888","title":{"rendered":"Gran Velada Art\u00edstica Familiar Realiz\u00f3 el Colegio Divina Pastora de Yungay"},"content":{"rendered":"<p style=\"text-align: justify;\">Yungay, domingo 8 de noviembre 2015: Gran Velada Art\u00edstica Familiar se realiz\u00f3 ayer en el sal\u00f3n comunitario multiuso de nuestra comuna, organizada por el Centro General de Padres del Colegio Divina Pastora, quienes quisieron rescatar esta tradicional actividad del colegio que no se llevaba a cabo desde hace algunos a\u00f1os, y as\u00ed dar comienzo a la semana de la familia.<\/p>\n<p style=\"text-align: justify;\">La jornada constaba de 17 n\u00fameros art\u00edsticos, entre doblajes, humor, canciones en vivo, entre otros, todos realizados por apoderados del establecimiento bajo las miradas de la comunidad yungayina y por supuesto de sus hijos que observaban c\u00f3mo \u00e9sta vez los pap\u00e1s eran quienes mostraban en el escenario todos sus dotes art\u00edsticos.<\/p>\n<p style=\"text-align: justify;\">Yuny Cisternas; Presidenta del Centro de Padres, destac\u00f3 el compromiso y dedicaci\u00f3n con que los apoderados se abocaron a \u00e9sta actividad, sin querer dejar pasar la ocasi\u00f3n de agradecerles la confianza y el trabajo en conjunto, adem\u00e1s un pilar importante para llevar a cabo \u00e9sta velada fue el apoyo de las Religiosas.<\/p>\n<p style=\"text-align: justify;\">Finalmente mencionar que \u00e9sta actividad era un sello del Colegio Divina Pastora y se pretende retomar cada a\u00f1o si Dios lo permite.<\/p>\n<p style=\"text-align: justify;\">[su_button url=\u00bbhttps:\/\/www.facebook.com\/media\/set\/?set=a.1174925315855839.1073742657.159561284058919&amp;type=1&amp;l=39ff8bfcd8&#8243; target=\u00bbblank\u00bb size=\u00bb7&#8243; radius=\u00bbround\u00bb icon=\u00bbicon: camera-retro\u00bb]FOTOGRAF\u00cdAS &#8211; Gran Velada Art\u00edstica Familiar Realiz\u00f3 el Colegio Divina Pastora de Yungay[\/su_button]<\/p>\n","protected":false},"excerpt":{"rendered":"<p>Yungay, domingo 8 de noviembre 2015: Gran Velada Art\u00edstica Familiar se realiz\u00f3 ayer en el sal\u00f3n comunitario multiuso de nuestra comuna, organizada por el Centro General de Padres del Colegio Divina Pastora, quienes quisieron&#46;&#46;&#46;<\/p>\n","protected":false},"author":2,"featured_media":13889,"comment_status":"open","ping_status":"open","sticky":false,"template":"","format":"standard","meta":{"footnotes":""},"categories":[5,1],"tags":[70,1115,1187,8,117],"class_list":["post-13888","post","type-post","status-publish","format-standard","has-post-thumbnail","hentry","category-eventos","category-noticias","tag-colegio-divina-pastora","tag-noticias","tag-velada-familiar","tag-yungay","tag-yungayinocl"],"_links":{"self":[{"href":"https:\/\/www.yungayino.cl\/noticias\/index.php?rest_route=\/wp\/v2\/posts\/13888","targetHints":{"allow":["GET"]}}],"collection":[{"href":"https:\/\/www.yungayino.cl\/noticias\/index.php?rest_route=\/wp\/v2\/posts"}],"about":[{"href":"https:\/\/www.yungayino.cl\/noticias\/index.php?rest_route=\/wp\/v2\/types\/post"}],"author":[{"embeddable":true,"href":"https:\/\/www.yungayino.cl\/noticias\/index.php?rest_route=\/wp\/v2\/users\/2"}],"replies":[{"embeddable":true,"href":"https:\/\/www.yungayino.cl\/noticias\/index.php?rest_route=%2Fwp%2Fv2%2Fcomments&post=13888"}],"version-history":[{"count":2,"href":"https:\/\/www.yungayino.cl\/noticias\/index.php?rest_route=\/wp\/v2\/posts\/13888\/revisions"}],"predecessor-version":[{"id":13891,"href":"https:\/\/www.yungayino.cl\/noticias\/index.php?rest_route=\/wp\/v2\/posts\/13888\/revisions\/13891"}],"wp:featuredmedia":[{"embeddable":true,"href":"https:\/\/www.yungayino.cl\/noticias\/index.php?rest_route=\/wp\/v2\/media\/13889"}],"wp:attachment":[{"href":"https:\/\/www.yungayino.cl\/noticias\/index.php?rest_route=%2Fwp%2Fv2%2Fmedia&parent=13888"}],"wp:term":[{"taxonomy":"category","embeddable":true,"href":"https:\/\/www.yungayino.cl\/noticias\/index.php?rest_route=%2Fwp%2Fv2%2Fcategories&post=13888"},{"taxonomy":"post_tag","embeddable":true,"href":"https:\/\/www.yungayino.cl\/noticias\/index.php?rest_route=%2Fwp%2Fv2%2Ftags&post=13888"}],"curies":[{"name":"wp","href":"https:\/\/api.w.org\/{rel}","templated":true}]}}