{"id":13912,"date":"2015-11-10T22:00:51","date_gmt":"2015-11-11T01:00:51","guid":{"rendered":"http:\/\/www.yungayino.cl\/noticias\/?p=13912"},"modified":"2015-11-10T23:09:53","modified_gmt":"2015-11-11T02:09:53","slug":"fiesta-de-la-esquila-y-el-canto-popular-se-realizo-en-yungay-2","status":"publish","type":"post","link":"https:\/\/www.yungayino.cl\/noticias\/?p=13912","title":{"rendered":"Fiesta de la Esquila y El Canto Popular se Realiz\u00f3 en Yungay"},"content":{"rendered":"<p style=\"text-align: justify;\">Yungay, Martes 10 de noviembre 2015: Este fin de semana se llev\u00f3 a cabo la \u201cXXI Encuentro de la Esquila y El Canto Popular\u201d, organizado por el Comit\u00e9 Campesino San Francisco El Cardal y que patrocino la Ilustre Municipalidad de Yungay.<\/p>\n<p style=\"text-align: justify;\">Esta tradicional fiesta y encuentro de car\u00e1cter costumbrista busco preservar una de las m\u00e1s antiguas tradiciones de la comuna de Yungay asociadas al manejo de ganado ovino, donde se realizaron concursos de esquila, hilado y tejidos, adem\u00e1s de juegos populares todo acompa\u00f1ado de artesan\u00edas, m\u00fasica y la gastronom\u00eda como el asado de cordero, chivo, empanadas, arvejado entre otros.<\/p>\n<p style=\"text-align: justify;\">Tambi\u00e9n destacar que en esta nueva versi\u00f3n se realiz\u00f3 un concurso para elegir la canci\u00f3n de se utilizar\u00e1 en futuras versiones, y donde 3 fueron las canciones participantes, donde finalmente de acuerdo al jurado gano el representante de Chill\u00e1n con la canci\u00f3n \u201cLa Fiesta de los bellones\u201d<\/p>\n<p style=\"text-align: justify;\">Finalmente se\u00f1alar que esta nueva versi\u00f3n conto con la participaci\u00f3n del Conjunto Folcl\u00f3rico \u201cLos de \u00d1uble\u201d, \u201cEl Huaso Montero\u201d, el Conjunto Folcl\u00f3rico \u201cLos \u00c1guilas del Monte\u201d y el Grupo \u201cLos Charros de Tucapel\u201d,quienes hicieron cantar y bailar a los asistentes.<\/p>\n<p style=\"text-align: justify;\">[su_button url=\u00bbhttps:\/\/www.facebook.com\/media\/set\/?set=a.1175842079097496.1073742660.159561284058919&amp;type=1&amp;l=6cddd5ddd6&#8243; target=\u00bbblank\u00bb size=\u00bb7&#8243; radius=\u00bbround\u00bb icon=\u00bbicon: camera-retro\u00bb]FOTOGRAF\u00cdAS &#8211; Fiesta de la Esquila y El Canto Popular se Realiz\u00f3 en Yungay[\/su_button]<\/p>\n","protected":false},"excerpt":{"rendered":"<p>Yungay, Martes 10 de noviembre 2015: Este fin de semana se llev\u00f3 a cabo la \u201cXXI Encuentro de la Esquila y El Canto Popular\u201d, organizado por el Comit\u00e9 Campesino San Francisco El Cardal y&#46;&#46;&#46;<\/p>\n","protected":false},"author":2,"featured_media":13909,"comment_status":"open","ping_status":"open","sticky":false,"template":"","format":"standard","meta":{"footnotes":""},"categories":[5,1],"tags":[280,1115,8,6,117],"class_list":["post-13912","post","type-post","status-publish","format-standard","has-post-thumbnail","hentry","category-eventos","category-noticias","tag-esquila-y-canto-popular","tag-noticias","tag-yungay","tag-yungayino","tag-yungayinocl"],"_links":{"self":[{"href":"https:\/\/www.yungayino.cl\/noticias\/index.php?rest_route=\/wp\/v2\/posts\/13912","targetHints":{"allow":["GET"]}}],"collection":[{"href":"https:\/\/www.yungayino.cl\/noticias\/index.php?rest_route=\/wp\/v2\/posts"}],"about":[{"href":"https:\/\/www.yungayino.cl\/noticias\/index.php?rest_route=\/wp\/v2\/types\/post"}],"author":[{"embeddable":true,"href":"https:\/\/www.yungayino.cl\/noticias\/index.php?rest_route=\/wp\/v2\/users\/2"}],"replies":[{"embeddable":true,"href":"https:\/\/www.yungayino.cl\/noticias\/index.php?rest_route=%2Fwp%2Fv2%2Fcomments&post=13912"}],"version-history":[{"count":3,"href":"https:\/\/www.yungayino.cl\/noticias\/index.php?rest_route=\/wp\/v2\/posts\/13912\/revisions"}],"predecessor-version":[{"id":13915,"href":"https:\/\/www.yungayino.cl\/noticias\/index.php?rest_route=\/wp\/v2\/posts\/13912\/revisions\/13915"}],"wp:featuredmedia":[{"embeddable":true,"href":"https:\/\/www.yungayino.cl\/noticias\/index.php?rest_route=\/wp\/v2\/media\/13909"}],"wp:attachment":[{"href":"https:\/\/www.yungayino.cl\/noticias\/index.php?rest_route=%2Fwp%2Fv2%2Fmedia&parent=13912"}],"wp:term":[{"taxonomy":"category","embeddable":true,"href":"https:\/\/www.yungayino.cl\/noticias\/index.php?rest_route=%2Fwp%2Fv2%2Fcategories&post=13912"},{"taxonomy":"post_tag","embeddable":true,"href":"https:\/\/www.yungayino.cl\/noticias\/index.php?rest_route=%2Fwp%2Fv2%2Ftags&post=13912"}],"curies":[{"name":"wp","href":"https:\/\/api.w.org\/{rel}","templated":true}]}}