{"id":13959,"date":"2015-11-16T22:00:30","date_gmt":"2015-11-17T01:00:30","guid":{"rendered":"http:\/\/www.yungayino.cl\/noticias\/?p=13959"},"modified":"2015-11-16T23:18:29","modified_gmt":"2015-11-17T02:18:29","slug":"jardin-infantil-cuncunita-de-cholguan-realizo-cicletada-con-motivo-del-dia-del-parvulo","status":"publish","type":"post","link":"https:\/\/www.yungayino.cl\/noticias\/?p=13959","title":{"rendered":"Jard\u00edn Infantil \u201cCuncunita\u201d de Cholgu\u00e1n Realiz\u00f3 Cicletada con Motivo del D\u00eda del P\u00e1rvulo"},"content":{"rendered":"<p style=\"text-align: justify;\">Cholgu\u00e1n, lunes 16 de noviembre 2015: El Jard\u00edn Infantil <strong>\u201cCuncunita\u201d<\/strong> de Cholgu\u00e1n Estaci\u00f3n, realiz\u00f3 una cicletada en el marco de la celebraci\u00f3n del D\u00eda del P\u00e1rvulo, la que contemplo un recorrido por las calles de la poblaci\u00f3n.<\/p>\n<p style=\"text-align: justify;\">Carolina Alvear, Encargada del Jard\u00edn Infantil se\u00f1alo al Equipo del Portal Yungayino.cl, que durante toda la semana realizar\u00e1n diferentes actividades con motivo de la celebraci\u00f3n del D\u00eda del P\u00e1rvulo, fue as\u00ed como una de las principales actividades fue la realizaci\u00f3n de la cicletada, donde madres, padres y apoderados acompa\u00f1aron a sus hijos en el recorrido, ocasi\u00f3n donde tambi\u00e9n pudieron bailar zumba al inicio de la cicletada.<\/p>\n<p style=\"text-align: justify;\">Carolina Alvear se\u00f1alo que el Jard\u00edn Infantil <strong>\u201cCuncunita\u201d<\/strong> tienen en la actualidad 24 ni\u00f1os en el nivel medio y 16 en sala Cuna, y que esta actividad es parte de la promoci\u00f3n de la actividad f\u00edsica y vida saludables que ellos promueven para los ni\u00f1os.<\/p>\n<p style=\"text-align: justify;\">Finalmente Carolina, agradeci\u00f3 a la comunidad de Cholgu\u00e1n Estaci\u00f3n por la cooperaci\u00f3n en el cierre de las calles, a Carabineros y a todos los apoderados y familiares de los ni\u00f1os por el apoyo de esta hermosa actividad.<\/p>\n<p style=\"text-align: justify;\">[su_button url=\u00bbhttps:\/\/www.facebook.com\/media\/set\/?set=a.1178714708810233.1073742669.159561284058919&amp;type=1&amp;l=f725c2e64f\u00bb target=\u00bbblank\u00bb size=\u00bb7&#8243; radius=\u00bbround\u00bb icon=\u00bbicon: camera-retro\u00bb]FOTOGRAF\u00cdAS &#8211; Jard\u00edn Infantil \u201cCuncunita\u201d de Cholgu\u00e1n Realiz\u00f3 Cicletada con Motivo del D\u00eda del P\u00e1rvulo[\/su_button]<\/p>\n","protected":false},"excerpt":{"rendered":"<p>Cholgu\u00e1n, lunes 16 de noviembre 2015: El Jard\u00edn Infantil \u201cCuncunita\u201d de Cholgu\u00e1n Estaci\u00f3n, realiz\u00f3 una cicletada en el marco de la celebraci\u00f3n del D\u00eda del P\u00e1rvulo, la que contemplo un recorrido por las calles&#46;&#46;&#46;<\/p>\n","protected":false},"author":2,"featured_media":13960,"comment_status":"open","ping_status":"open","sticky":false,"template":"","format":"standard","meta":{"footnotes":""},"categories":[1],"tags":[27,422,1196,8,6,117],"class_list":["post-13959","post","type-post","status-publish","format-standard","has-post-thumbnail","hentry","category-noticias","tag-cholguan-estacion","tag-cicletada","tag-jardin-cuncunita","tag-yungay","tag-yungayino","tag-yungayinocl"],"_links":{"self":[{"href":"https:\/\/www.yungayino.cl\/noticias\/index.php?rest_route=\/wp\/v2\/posts\/13959","targetHints":{"allow":["GET"]}}],"collection":[{"href":"https:\/\/www.yungayino.cl\/noticias\/index.php?rest_route=\/wp\/v2\/posts"}],"about":[{"href":"https:\/\/www.yungayino.cl\/noticias\/index.php?rest_route=\/wp\/v2\/types\/post"}],"author":[{"embeddable":true,"href":"https:\/\/www.yungayino.cl\/noticias\/index.php?rest_route=\/wp\/v2\/users\/2"}],"replies":[{"embeddable":true,"href":"https:\/\/www.yungayino.cl\/noticias\/index.php?rest_route=%2Fwp%2Fv2%2Fcomments&post=13959"}],"version-history":[{"count":3,"href":"https:\/\/www.yungayino.cl\/noticias\/index.php?rest_route=\/wp\/v2\/posts\/13959\/revisions"}],"predecessor-version":[{"id":13963,"href":"https:\/\/www.yungayino.cl\/noticias\/index.php?rest_route=\/wp\/v2\/posts\/13959\/revisions\/13963"}],"wp:featuredmedia":[{"embeddable":true,"href":"https:\/\/www.yungayino.cl\/noticias\/index.php?rest_route=\/wp\/v2\/media\/13960"}],"wp:attachment":[{"href":"https:\/\/www.yungayino.cl\/noticias\/index.php?rest_route=%2Fwp%2Fv2%2Fmedia&parent=13959"}],"wp:term":[{"taxonomy":"category","embeddable":true,"href":"https:\/\/www.yungayino.cl\/noticias\/index.php?rest_route=%2Fwp%2Fv2%2Fcategories&post=13959"},{"taxonomy":"post_tag","embeddable":true,"href":"https:\/\/www.yungayino.cl\/noticias\/index.php?rest_route=%2Fwp%2Fv2%2Ftags&post=13959"}],"curies":[{"name":"wp","href":"https:\/\/api.w.org\/{rel}","templated":true}]}}