{"id":13964,"date":"2015-11-16T22:30:37","date_gmt":"2015-11-17T01:30:37","guid":{"rendered":"http:\/\/www.yungayino.cl\/noticias\/?p=13964"},"modified":"2015-11-16T23:31:14","modified_gmt":"2015-11-17T02:31:14","slug":"programa-me-conecto-para-aprender-entrego-a-106-estudiantes-de-7-basico-de-yungay-su-computador","status":"publish","type":"post","link":"https:\/\/www.yungayino.cl\/noticias\/?p=13964","title":{"rendered":"Programa \u201cMe Conecto Para Aprender\u201d, Entreg\u00f3 a 106 Estudiantes de 7\u00b0 B\u00e1sico de Yungay su Computador"},"content":{"rendered":"<p style=\"text-align: justify;\">Yungay, lunes 16 de noviembre 2015: En el marco del programa <strong>\u201cMe Conecto para Aprender\u201d<\/strong>, la Provincial de Educaci\u00f3n junto a Junaeb hizo entrega de computadores a 106 estudiantes de s\u00e9ptimo b\u00e1sico de las escuelas municipales de Yungay.<\/p>\n<p style=\"text-align: justify;\">La ceremonia tuvo lugar en la Escuela Fernando Baquedano de la comuna y cont\u00f3 con la presencia del Jefe Provincial de Educaci\u00f3n, Hern\u00e1n \u00c1lvarez; la Directora Regional de Junaeb, Karina Silva, la Jefa DAEM de Yungay, Eugenia L\u00f3pez, el Director de la Escuela Fernando Baquedano, Sergio Cifuentes Urbano y las familias de los beneficiados.<\/p>\n<p style=\"text-align: justify;\">Hern\u00e1n \u00c1lvarez, se\u00f1al\u00f3 que esta entrega forma parte de la Reforma Educacional que la Presidenta Michelle Bachelet ofreci\u00f3 al pa\u00eds. \u201cEl PC es una herramienta que permite mejorar la calidad educativa, conect\u00e1ndose al mundo a trav\u00e9s de banda ancha m\u00f3vil por un a\u00f1o, lo que permitir\u00e1 tambi\u00e9n que las familias se integren.<\/p>\n<p style=\"text-align: justify;\">Karina Silva, Directora Regional de Junaeb se\u00f1al\u00f3 al Equipo del Portal Yungyino.cl que esta iniciativa continuar\u00e1 en los pr\u00f3ximos a\u00f1os al igual que el Programa Yo elijo Mi PC que distingue por m\u00e9rito acad\u00e9mico a estudiantes vulnerables de los establecimientos subvencionados del pa\u00eds. Finalmente expres\u00f3 que con este aporte tecnol\u00f3gico lo que se pretende es disminuir la brecha digital entre el alumnado, especialmente entre aquellos de mayor vulnerabilidad, entreg\u00e1ndoles herramientas que complementan el sistema de estudios y ayudan a reducir los costos asociados a la escolaridad<\/p>\n<p style=\"text-align: justify;\">[su_button url=\u00bbhttps:\/\/www.facebook.com\/media\/set\/?set=a.1178719725476398.1073742670.159561284058919&amp;type=1&amp;l=42bc874f1a\u00bb target=\u00bbblank\u00bb size=\u00bb7&#8243; radius=\u00bbround\u00bb icon=\u00bbicon: camera-retro\u00bb]Fotograf\u00edas &#8211; Programa \u201cMe Conecto Para Aprender\u201d, Entreg\u00f3 a 106 Estudiantes de 7\u00b0 B\u00e1sico de Yungay su Computador[\/su_button]<\/p>\n","protected":false},"excerpt":{"rendered":"<p>Yungay, lunes 16 de noviembre 2015: En el marco del programa \u201cMe Conecto para Aprender\u201d, la Provincial de Educaci\u00f3n junto a Junaeb hizo entrega de computadores a 106 estudiantes de s\u00e9ptimo b\u00e1sico de las&#46;&#46;&#46;<\/p>\n","protected":false},"author":2,"featured_media":13965,"comment_status":"open","ping_status":"open","sticky":false,"template":"","format":"standard","meta":{"footnotes":""},"categories":[1],"tags":[1197,8,6,117],"class_list":["post-13964","post","type-post","status-publish","format-standard","has-post-thumbnail","hentry","category-noticias","tag-me-conecto-para-aprender","tag-yungay","tag-yungayino","tag-yungayinocl"],"_links":{"self":[{"href":"https:\/\/www.yungayino.cl\/noticias\/index.php?rest_route=\/wp\/v2\/posts\/13964","targetHints":{"allow":["GET"]}}],"collection":[{"href":"https:\/\/www.yungayino.cl\/noticias\/index.php?rest_route=\/wp\/v2\/posts"}],"about":[{"href":"https:\/\/www.yungayino.cl\/noticias\/index.php?rest_route=\/wp\/v2\/types\/post"}],"author":[{"embeddable":true,"href":"https:\/\/www.yungayino.cl\/noticias\/index.php?rest_route=\/wp\/v2\/users\/2"}],"replies":[{"embeddable":true,"href":"https:\/\/www.yungayino.cl\/noticias\/index.php?rest_route=%2Fwp%2Fv2%2Fcomments&post=13964"}],"version-history":[{"count":2,"href":"https:\/\/www.yungayino.cl\/noticias\/index.php?rest_route=\/wp\/v2\/posts\/13964\/revisions"}],"predecessor-version":[{"id":13967,"href":"https:\/\/www.yungayino.cl\/noticias\/index.php?rest_route=\/wp\/v2\/posts\/13964\/revisions\/13967"}],"wp:featuredmedia":[{"embeddable":true,"href":"https:\/\/www.yungayino.cl\/noticias\/index.php?rest_route=\/wp\/v2\/media\/13965"}],"wp:attachment":[{"href":"https:\/\/www.yungayino.cl\/noticias\/index.php?rest_route=%2Fwp%2Fv2%2Fmedia&parent=13964"}],"wp:term":[{"taxonomy":"category","embeddable":true,"href":"https:\/\/www.yungayino.cl\/noticias\/index.php?rest_route=%2Fwp%2Fv2%2Fcategories&post=13964"},{"taxonomy":"post_tag","embeddable":true,"href":"https:\/\/www.yungayino.cl\/noticias\/index.php?rest_route=%2Fwp%2Fv2%2Ftags&post=13964"}],"curies":[{"name":"wp","href":"https:\/\/api.w.org\/{rel}","templated":true}]}}