{"id":13978,"date":"2015-11-21T21:00:26","date_gmt":"2015-11-22T00:00:26","guid":{"rendered":"http:\/\/www.yungayino.cl\/noticias\/?p=13978"},"modified":"2015-11-21T22:03:44","modified_gmt":"2015-11-22T01:03:44","slug":"jardin-infantil-y-sala-cuna-campanita-de-campanario-realizaron-primera-maraton-kids","status":"publish","type":"post","link":"https:\/\/www.yungayino.cl\/noticias\/?p=13978","title":{"rendered":"Jard\u00edn Infantil y Sala Cuna \u201cCampanita\u201d de Campanario Realizaron Primera Marat\u00f3n Kids"},"content":{"rendered":"<p style=\"text-align: justify;\">Campanario, viernes 20 de noviembre 2015: El Jard\u00edn Infantil y Sala Cuna \u201cCampanita\u201d de Campanario realiz\u00f3 por primera vez la <strong>Marat\u00f3n Kids, <\/strong>como parte de las actividades de la celebraci\u00f3n de la Semana del P\u00e1rvulo.<\/p>\n<p style=\"text-align: justify;\">La actividad cont\u00f3 con una activa participaci\u00f3n de las familias, la comunidad, ni\u00f1os(as) y el personal, con el objetivo tambi\u00e9n de fomentar la vida saludable y promover la actividad f\u00edsica.<\/p>\n<p style=\"text-align: justify;\">Destacar que se cont\u00f3 con la cooperaci\u00f3n del CESFAM Campanario, donde el kinesi\u00f3logo y nutricionista Carlos Bizama realiz\u00f3 difusi\u00f3n de la vida sana y un precalentamiento f\u00edsico antes de la marat\u00f3n, para luego dar la partida donde participaron los ni\u00f1os y ni\u00f1as del nivel sala cuna y ni\u00f1os del nivel medio, adem\u00e1s en esta oportunidad se invit\u00f3 a los p\u00e1rvulos del Liceo de Campanario.<\/p>\n<p style=\"text-align: justify;\">La actividad finaliz\u00f3 con una muestra de manualidades realizadas por los ni\u00f1os y ni\u00f1as del Jard\u00edn Campanita y Liceo Campanario como muestra del ejemplo de articulaci\u00f3n de los preescolares, donde se entregaron colaciones saludables y agua para hidratar a los participantes de esta hermosa iniciativa.<\/p>\n<p style=\"text-align: justify;\">Jeanette Ben\u00edtez Mart\u00ednez, Encargada del Jard\u00edn Infantil Campanita se\u00f1alo al Equipo del Portal Yungayino.cl que la actividad result\u00f3 todo un \u00e9xito para ser la primera, adem\u00e1s indic\u00f3 que aspiran a ser reconocidos por la comunidad y familias como un jard\u00edn infantil y sala cuna que favorece experiencias de aprendizajes de calidad en un ambiente afectivo, otorgando la confianza y as\u00ed dar \u00e9nfasis a la autonom\u00eda e imaginaci\u00f3n en un ambiente que les permita desarrollarse de acuerdo a sus distintos ritmos individuales<\/p>\n<p style=\"text-align: justify;\"><strong>[su_button url=\u00bbhttps:\/\/www.facebook.com\/media\/set\/?set=a.1181134108568293.1073742673.159561284058919&amp;type=1&amp;l=c4e4e15441&#8243; target=\u00bbblank\u00bb size=\u00bb7&#8243; radius=\u00bbround\u00bb icon=\u00bbicon: camera-retro\u00bb]FOTOGRAF\u00cdAS &#8211; Jard\u00edn Infantil y Sala Cuna \u201cCampanita\u201d de Campanario Realizaron Primera Marat\u00f3n Kids[\/su_button]<\/strong><\/p>\n","protected":false},"excerpt":{"rendered":"<p>Campanario, viernes 20 de noviembre 2015: El Jard\u00edn Infantil y Sala Cuna \u201cCampanita\u201d de Campanario realiz\u00f3 por primera vez la Marat\u00f3n Kids, como parte de las actividades de la celebraci\u00f3n de la Semana del&#46;&#46;&#46;<\/p>\n","protected":false},"author":2,"featured_media":13979,"comment_status":"open","ping_status":"open","sticky":false,"template":"","format":"standard","meta":{"footnotes":""},"categories":[1],"tags":[31,1198,8,6,117],"class_list":["post-13978","post","type-post","status-publish","format-standard","has-post-thumbnail","hentry","category-noticias","tag-campanario","tag-jardin-y-sala-cuna-campanita","tag-yungay","tag-yungayino","tag-yungayinocl"],"_links":{"self":[{"href":"https:\/\/www.yungayino.cl\/noticias\/index.php?rest_route=\/wp\/v2\/posts\/13978","targetHints":{"allow":["GET"]}}],"collection":[{"href":"https:\/\/www.yungayino.cl\/noticias\/index.php?rest_route=\/wp\/v2\/posts"}],"about":[{"href":"https:\/\/www.yungayino.cl\/noticias\/index.php?rest_route=\/wp\/v2\/types\/post"}],"author":[{"embeddable":true,"href":"https:\/\/www.yungayino.cl\/noticias\/index.php?rest_route=\/wp\/v2\/users\/2"}],"replies":[{"embeddable":true,"href":"https:\/\/www.yungayino.cl\/noticias\/index.php?rest_route=%2Fwp%2Fv2%2Fcomments&post=13978"}],"version-history":[{"count":2,"href":"https:\/\/www.yungayino.cl\/noticias\/index.php?rest_route=\/wp\/v2\/posts\/13978\/revisions"}],"predecessor-version":[{"id":13981,"href":"https:\/\/www.yungayino.cl\/noticias\/index.php?rest_route=\/wp\/v2\/posts\/13978\/revisions\/13981"}],"wp:featuredmedia":[{"embeddable":true,"href":"https:\/\/www.yungayino.cl\/noticias\/index.php?rest_route=\/wp\/v2\/media\/13979"}],"wp:attachment":[{"href":"https:\/\/www.yungayino.cl\/noticias\/index.php?rest_route=%2Fwp%2Fv2%2Fmedia&parent=13978"}],"wp:term":[{"taxonomy":"category","embeddable":true,"href":"https:\/\/www.yungayino.cl\/noticias\/index.php?rest_route=%2Fwp%2Fv2%2Fcategories&post=13978"},{"taxonomy":"post_tag","embeddable":true,"href":"https:\/\/www.yungayino.cl\/noticias\/index.php?rest_route=%2Fwp%2Fv2%2Ftags&post=13978"}],"curies":[{"name":"wp","href":"https:\/\/api.w.org\/{rel}","templated":true}]}}