{"id":13982,"date":"2015-11-22T21:00:57","date_gmt":"2015-11-23T00:00:57","guid":{"rendered":"http:\/\/www.yungayino.cl\/noticias\/?p=13982"},"modified":"2015-11-22T22:56:17","modified_gmt":"2015-11-23T01:56:17","slug":"colegio-nueva-esperanza-de-yungay-celebro-su-6-aniversario","status":"publish","type":"post","link":"https:\/\/www.yungayino.cl\/noticias\/?p=13982","title":{"rendered":"Colegio Nueva Esperanza de Yungay Celebro su  6\u00b0 Aniversario"},"content":{"rendered":"<p style=\"text-align: justify;\">Yungay, domingo 22 de noviembre 2015:Una semana especial de actividades y celebraci\u00f3n vivieron los estudiantes del Colegio Nueva Esperanza de Yungay , el cual cumpli\u00f3 seis a\u00f1os formando j\u00f3venes en nuestra comuna y \u201cEducando desde la Afectividad\u201d.<\/p>\n<p style=\"text-align: justify;\"><strong>Acto Aniversario:<\/strong><\/p>\n<p style=\"text-align: justify;\">El viernes 20 de noviembre desde las 10:30 horas se llev\u00f3 a cabo el acto oficial de la celebraci\u00f3n del 6\u00b0aniversario, el cual fue liderado por su sostenedor Gonzalo Aedo y la Directora Sandra Correa, adem\u00e1s destacar que se hicieron presentes el Jefe Provincial de Educaci\u00f3n, Hern\u00e1n \u00c1lvarez, la Directora Regional de Junaeb, Karina Silva, junto a los concejales, autoridades locales, invitados especiales, apoderados, alumnos y docentes.<\/p>\n<p style=\"text-align: justify;\">En la ocasi\u00f3n los alumnos realizaron presentaciones art\u00edsticas, coreogr\u00e1ficas, bailes, adem\u00e1s se entregaron algunos reconocimientos a entidades p\u00fablicas y privadas que han colaborado en el desarrollo del establecimiento.<\/p>\n<p style=\"text-align: justify;\">Tambi\u00e9n destacar que finalizado el acto los presentes se trasladaron para recorrer y colocar de manera simb\u00f3lica la primera piedra de la futura ampliaci\u00f3n que se est\u00e1 realizando y que permitir\u00e1 la construcci\u00f3n de la Ense\u00f1anza Media en el Colegio Nueva esperanza.<\/p>\n<p style=\"text-align: justify;\"><strong>Carros Aleg\u00f3ricos:<\/strong><\/p>\n<p style=\"text-align: justify;\">El jueves 19 de noviembre el Colegio Nueva Esperanza realiz\u00f3 el recorrido de los carros aleg\u00f3ricos y comparsas por las calles c\u00e9ntricas de nuestra comuna, representando distintas culturas y con una gran participaci\u00f3n de la comunidad escolar, finalizando el recorrido en el Ode\u00f3n de la Plaza Iquique, donde una gran cantidad de p\u00fablico pudo disfrutar de este bonito espect\u00e1culo realizado por toda la comunidad escolar del Colegio Nueva Esperanza que se est\u00e1 convirtiendo en una tradici\u00f3n esperada por la comunidad yungayina.<\/p>\n<p style=\"text-align: justify;\">[su_button url=\u00bbhttps:\/\/www.facebook.com\/media\/set\/?set=a.1181626928519011.1073742674.159561284058919&amp;type=1&amp;l=454b1c8190&#8243; target=\u00bbblank\u00bb size=\u00bb7&#8243; radius=\u00bbround\u00bb icon=\u00bbicon: camera-retro\u00bb]FOTOGRAF\u00cdAS &#8211; Carros Aleg\u00f3ricos 6\u00b0 Aniversario[\/su_button]<\/p>\n<p style=\"text-align: justify;\">[su_button url=\u00bbhttps:\/\/www.facebook.com\/media\/set\/?set=a.1181640685184302.1073742675.159561284058919&amp;type=1&amp;l=1d26abd8c1&#8243; target=\u00bbblank\u00bb size=\u00bb7&#8243; radius=\u00bbround\u00bb icon=\u00bbicon: camera-retro\u00bb]FOTOGRAF\u00cdAS &#8211; Acto 6\u00b0 Aniversario[\/su_button]<\/p>\n","protected":false},"excerpt":{"rendered":"<p>Yungay, domingo 22 de noviembre 2015:Una semana especial de actividades y celebraci\u00f3n vivieron los estudiantes del Colegio Nueva Esperanza de Yungay , el cual cumpli\u00f3 seis a\u00f1os formando j\u00f3venes en nuestra comuna y \u201cEducando&#46;&#46;&#46;<\/p>\n","protected":false},"author":2,"featured_media":13983,"comment_status":"open","ping_status":"open","sticky":false,"template":"","format":"standard","meta":{"footnotes":""},"categories":[5,1],"tags":[785,320,1115,1199,8,6,117],"class_list":["post-13982","post","type-post","status-publish","format-standard","has-post-thumbnail","hentry","category-eventos","category-noticias","tag-carros-alegoricos","tag-colegio-nueva-esperanza","tag-noticias","tag-sexto-aniversario","tag-yungay","tag-yungayino","tag-yungayinocl"],"_links":{"self":[{"href":"https:\/\/www.yungayino.cl\/noticias\/index.php?rest_route=\/wp\/v2\/posts\/13982","targetHints":{"allow":["GET"]}}],"collection":[{"href":"https:\/\/www.yungayino.cl\/noticias\/index.php?rest_route=\/wp\/v2\/posts"}],"about":[{"href":"https:\/\/www.yungayino.cl\/noticias\/index.php?rest_route=\/wp\/v2\/types\/post"}],"author":[{"embeddable":true,"href":"https:\/\/www.yungayino.cl\/noticias\/index.php?rest_route=\/wp\/v2\/users\/2"}],"replies":[{"embeddable":true,"href":"https:\/\/www.yungayino.cl\/noticias\/index.php?rest_route=%2Fwp%2Fv2%2Fcomments&post=13982"}],"version-history":[{"count":3,"href":"https:\/\/www.yungayino.cl\/noticias\/index.php?rest_route=\/wp\/v2\/posts\/13982\/revisions"}],"predecessor-version":[{"id":13986,"href":"https:\/\/www.yungayino.cl\/noticias\/index.php?rest_route=\/wp\/v2\/posts\/13982\/revisions\/13986"}],"wp:featuredmedia":[{"embeddable":true,"href":"https:\/\/www.yungayino.cl\/noticias\/index.php?rest_route=\/wp\/v2\/media\/13983"}],"wp:attachment":[{"href":"https:\/\/www.yungayino.cl\/noticias\/index.php?rest_route=%2Fwp%2Fv2%2Fmedia&parent=13982"}],"wp:term":[{"taxonomy":"category","embeddable":true,"href":"https:\/\/www.yungayino.cl\/noticias\/index.php?rest_route=%2Fwp%2Fv2%2Fcategories&post=13982"},{"taxonomy":"post_tag","embeddable":true,"href":"https:\/\/www.yungayino.cl\/noticias\/index.php?rest_route=%2Fwp%2Fv2%2Ftags&post=13982"}],"curies":[{"name":"wp","href":"https:\/\/api.w.org\/{rel}","templated":true}]}}