{"id":13998,"date":"2015-11-24T20:00:16","date_gmt":"2015-11-24T23:00:16","guid":{"rendered":"http:\/\/www.yungayino.cl\/noticias\/?p=13998"},"modified":"2015-11-24T21:43:06","modified_gmt":"2015-11-25T00:43:06","slug":"team-teleton-junto-a-teletin-visitaron-yungay","status":"publish","type":"post","link":"https:\/\/www.yungayino.cl\/noticias\/?p=13998","title":{"rendered":"Team Telet\u00f3n Junto a Telet\u00edn Visitaron Yungay"},"content":{"rendered":"<p style=\"text-align: justify;\">Yungay, martes 24 de noviembre 2015: Como una actividad de promoci\u00f3n al evento Telet\u00f3n 2015, varios ni\u00f1os de colegios y Jardines de nuestra ciudad se hicieron parte de la visita del Team Telet\u00f3n, el cual busc\u00f3 animar y motivar el aporte de los ni\u00f1os en la pr\u00f3xima campa\u00f1a de la Telet\u00f3n, que se desarrollar\u00e1 los d\u00edas 28 y 29 de noviembre.<\/p>\n<p style=\"text-align: justify;\">Todo comenz\u00f3 al mediod\u00eda de este lunes 23 en el Ode\u00f3n de la Plaza Iquique de nuestra comuna, donde en su mayor\u00eda ni\u00f1os recibieron con mucha alegr\u00eda al Team de la Telet\u00f3n junto a Telet\u00edn.<\/p>\n<p style=\"text-align: justify;\">Se\u00f1alar que esta visita es parte de la campa\u00f1a \u201c<strong>Yo me Muevo\u201d<\/strong>, dirigida especialmente a los escolares y donde la idea central es que la comunidad estudiantil participe en las diferentes pruebas, las que ser\u00e1n publicadas en Internet para motivar a la donaci\u00f3n en esta campa\u00f1a solidarias de todos los chilenos.<\/p>\n<p style=\"text-align: justify;\">Finalmente destacar que en Yungay se ha organizado un variado programa para unirnos y apoyar esta cruzada solidaria nacional.<\/p>\n<p style=\"text-align: justify;\">[su_button url=\u00bbhttps:\/\/www.facebook.com\/media\/set\/?set=a.1182595275088843.1073742679.159561284058919&amp;type=1&amp;l=1420939fd5&#8243; target=\u00bbblank\u00bb size=\u00bb7&#8243; radius=\u00bbround\u00bb icon=\u00bbicon: camera-retro\u00bb]\u00a0FOTOGRAF\u00cdAS &#8211;\u00a0Team Telet\u00f3n Junto a Telet\u00edn Visitaron Yungay[\/su_button]<\/p>\n<p style=\"text-align: justify;\"><a href=\"http:\/\/www.yungayino.cl\/noticias\/wp-content\/uploads\/2015\/11\/PORTADA.jpg\"><img loading=\"lazy\" decoding=\"async\" class=\"alignnone size-full wp-image-13945\" src=\"http:\/\/www.yungayino.cl\/noticias\/wp-content\/uploads\/2015\/11\/PORTADA.jpg\" alt=\"PORTADA\" width=\"4950\" height=\"3240\" srcset=\"https:\/\/www.yungayino.cl\/noticias\/wp-content\/uploads\/2015\/11\/PORTADA.jpg 4950w, https:\/\/www.yungayino.cl\/noticias\/wp-content\/uploads\/2015\/11\/PORTADA-300x196.jpg 300w, https:\/\/www.yungayino.cl\/noticias\/wp-content\/uploads\/2015\/11\/PORTADA-1024x670.jpg 1024w, https:\/\/www.yungayino.cl\/noticias\/wp-content\/uploads\/2015\/11\/PORTADA-229x150.jpg 229w\" sizes=\"auto, (max-width: 4950px) 100vw, 4950px\" \/><\/a><\/p>\n<p style=\"text-align: justify;\"><a href=\"http:\/\/www.yungayino.cl\/noticias\/wp-content\/uploads\/2015\/11\/interior-1.jpg\"><img loading=\"lazy\" decoding=\"async\" class=\"alignnone size-full wp-image-13944\" src=\"http:\/\/www.yungayino.cl\/noticias\/wp-content\/uploads\/2015\/11\/interior-1.jpg\" alt=\"interior (1)\" width=\"4950\" height=\"3240\" srcset=\"https:\/\/www.yungayino.cl\/noticias\/wp-content\/uploads\/2015\/11\/interior-1.jpg 4950w, https:\/\/www.yungayino.cl\/noticias\/wp-content\/uploads\/2015\/11\/interior-1-300x196.jpg 300w, https:\/\/www.yungayino.cl\/noticias\/wp-content\/uploads\/2015\/11\/interior-1-1024x670.jpg 1024w, https:\/\/www.yungayino.cl\/noticias\/wp-content\/uploads\/2015\/11\/interior-1-229x150.jpg 229w\" sizes=\"auto, (max-width: 4950px) 100vw, 4950px\" \/><\/a><\/p>\n","protected":false},"excerpt":{"rendered":"<p>Yungay, martes 24 de noviembre 2015: Como una actividad de promoci\u00f3n al evento Telet\u00f3n 2015, varios ni\u00f1os de colegios y Jardines de nuestra ciudad se hicieron parte de la visita del Team Telet\u00f3n, el&#46;&#46;&#46;<\/p>\n","protected":false},"author":2,"featured_media":13999,"comment_status":"open","ping_status":"open","sticky":false,"template":"","format":"standard","meta":{"footnotes":""},"categories":[1],"tags":[1115,1205,1204,1203,8,6,117],"class_list":["post-13998","post","type-post","status-publish","format-standard","has-post-thumbnail","hentry","category-noticias","tag-noticias","tag-team-teleton","tag-teleon","tag-teletin","tag-yungay","tag-yungayino","tag-yungayinocl"],"_links":{"self":[{"href":"https:\/\/www.yungayino.cl\/noticias\/index.php?rest_route=\/wp\/v2\/posts\/13998","targetHints":{"allow":["GET"]}}],"collection":[{"href":"https:\/\/www.yungayino.cl\/noticias\/index.php?rest_route=\/wp\/v2\/posts"}],"about":[{"href":"https:\/\/www.yungayino.cl\/noticias\/index.php?rest_route=\/wp\/v2\/types\/post"}],"author":[{"embeddable":true,"href":"https:\/\/www.yungayino.cl\/noticias\/index.php?rest_route=\/wp\/v2\/users\/2"}],"replies":[{"embeddable":true,"href":"https:\/\/www.yungayino.cl\/noticias\/index.php?rest_route=%2Fwp%2Fv2%2Fcomments&post=13998"}],"version-history":[{"count":4,"href":"https:\/\/www.yungayino.cl\/noticias\/index.php?rest_route=\/wp\/v2\/posts\/13998\/revisions"}],"predecessor-version":[{"id":14003,"href":"https:\/\/www.yungayino.cl\/noticias\/index.php?rest_route=\/wp\/v2\/posts\/13998\/revisions\/14003"}],"wp:featuredmedia":[{"embeddable":true,"href":"https:\/\/www.yungayino.cl\/noticias\/index.php?rest_route=\/wp\/v2\/media\/13999"}],"wp:attachment":[{"href":"https:\/\/www.yungayino.cl\/noticias\/index.php?rest_route=%2Fwp%2Fv2%2Fmedia&parent=13998"}],"wp:term":[{"taxonomy":"category","embeddable":true,"href":"https:\/\/www.yungayino.cl\/noticias\/index.php?rest_route=%2Fwp%2Fv2%2Fcategories&post=13998"},{"taxonomy":"post_tag","embeddable":true,"href":"https:\/\/www.yungayino.cl\/noticias\/index.php?rest_route=%2Fwp%2Fv2%2Ftags&post=13998"}],"curies":[{"name":"wp","href":"https:\/\/api.w.org\/{rel}","templated":true}]}}