{"id":14049,"date":"2015-11-30T23:00:44","date_gmt":"2015-12-01T02:00:44","guid":{"rendered":"http:\/\/www.yungayino.cl\/noticias\/?p=14049"},"modified":"2015-12-01T23:13:04","modified_gmt":"2015-12-02T02:13:04","slug":"liceo-tecnico-campanario-licencio-su-primera-promocion","status":"publish","type":"post","link":"https:\/\/www.yungayino.cl\/noticias\/?p=14049","title":{"rendered":"Liceo T\u00e9cnico Campanario Licenci\u00f3 su Primera Promoci\u00f3n"},"content":{"rendered":"<p style=\"text-align: justify;\">Campanario, lunes 30 de noviembre 2015: El d\u00eda Viernes 20 de Noviembre de 2015, es un d\u00eda que quedar\u00e1 estampado en la historia de nuestra comuna y de la comunidad de Campanario, como uno de los momentos cruciales de este sue\u00f1o llamado Liceo T\u00e9cnico Profesional, sue\u00f1o que se inici\u00f3 hace ya cinco a\u00f1os y que est\u00e1 cumpliendo una etapa significativa y anhelada por todos, como fue el t\u00e9rmino de la Educaci\u00f3n Media con la primera promoci\u00f3n de Cuarto a\u00f1o Medio.<\/p>\n<p style=\"text-align: justify;\">La idea de transformar la Escuela de Campanario en un Liceo de continuidad, tuvo como objetivo prioritario, ser la mejor respuesta para los anhelos de los ni\u00f1os y j\u00f3venes de esta localidad, que quisieran proseguir estudios y realizar sus proyectos de vida como profesionales de excelencia a futuro; consciente que muchos miraron con incredulidad y bastante escepticismo, hoy, se est\u00e1 haciendo historia, quebrando esquemas y cambiando una tendencia de derrota que hasta ahora hab\u00eda marcado a esta hermosa comunidad.<\/p>\n<p style=\"text-align: justify;\">Este Liceo ha ido dando pasos importantes a partir del a\u00f1o 2010 con el Estudio de Factibilidad, pasando por su reconocimiento oficial el 27 de Marzo de 2012, como Liceo T\u00e9cnico Profesional, y este a\u00f1o con el reconocimiento de los cursos 3\u00ba y 4\u00ba Medio T\u00e9cnico Profesional.<\/p>\n<p style=\"text-align: justify;\">Se han hecho notorios avances desde el punto de vista de la infraestructura, los cuales han significado una importante inversi\u00f3n por parte del DAEM; pero sin duda falta mucho y se requieren de otros aportes para poder lograr el nivel que exige el Mineduc desde el punto de vista t\u00e9cnico pedag\u00f3gico y de infraestructura y el mercado laboral.<\/p>\n<p style=\"text-align: justify;\"><!--more--><\/p>\n<p style=\"text-align: justify;\">Tambi\u00e9n durante estos a\u00f1os se ha dado a conocer a la comunidad, participando con nuestros docentes y estudiantes en diversas actividades acad\u00e9micas, culturales y deportivas, a nivel local, provincial y regional, buscando adquirir experiencias, ganar espacios, y ser reconocido como un establecimiento con identidad propia. Ha sido siempre el inter\u00e9s del Liceo, generar los espacios para que los estudiantes, funcionarios y apoderados se sientan identificados con \u00e9l, apropi\u00e1ndose de sus ideales y sintiendo orgullo de pertenecer a una instituci\u00f3n tan noble como esta. Un buen ejemplo de ello es que el d\u00eda Martes 17 de Noviembre del presente, a trav\u00e9s de un correo electr\u00f3nico del Departamento Provincial de Educaci\u00f3n inform\u00f3 que nuestro Centro de estudiantes, dirigido por la alumna G\u00e9nesis Sanhueza se ha adjudic\u00f3 un proyecto por un mill\u00f3n de pesos, siendo el \u00fanico Establecimiento de la comuna en lograrlo, a esto me refiero.<\/p>\n<p style=\"text-align: justify;\">Se por parte de la Directora se reconoci\u00f3 el apoyo a este proyecto de don Pedro Inostroza Alcalde de la comuna y la Sra. Eugenia L\u00f3pez Hern\u00e1ndez Directora DAEM, por su apoyo a esta idea tan arriesgada; al Pastor Patricio Cifuentes de la Iglesia Metodista Pentecostal, quien con sus oraciones y amonestaciones espirituales ha fortalecido en el nombre de Dios a esta instituci\u00f3n y a esta Directora; a la Sra. Norma Carrasco Presidenta de Centro de Padres, quien con honestidad y a pesar de los cuestionamientos ha demostrado su lealtad y compromiso con este Liceo. Se reconoci\u00f3 a los funcionarios del Liceo, a todos aquellos que durante seis a\u00f1os han cre\u00eddo, aun sin ver nada, demostrando que era posible levantar un Liceo como \u00e9ste. Adem\u00e1s se reconoci\u00f3 a los padres y apoderados de los estudiantes que se licenciaron, porque sin cuestionar y con un alto nivel de confianza se atrevieron a dar el paso de matricular a sus hijos en la Educaci\u00f3n Media en este establecimiento cuando reci\u00e9n se estaba comenzando.<\/p>\n<p style=\"text-align: justify;\">A la distancia, y hoy que viven momentos muy dif\u00edciles se rindi\u00f3 un homenaje a dos personas muy especiales para la Instituci\u00f3n: a don Marcos Delucci ex gerente de CIDERE B\u00edo-B\u00edo por su entusiasmo y gesti\u00f3n a favor del proyecto y a don Andr\u00e9s Fuentealba, funcionario del Liceo que con una lealtad y profesionalismo a toda prueba se constituy\u00f3 en un soporte muy importante para esta gesti\u00f3n.<\/p>\n<p style=\"text-align: justify;\">Estaba en los planes de Dios para Campanario que se instalara un Liceo para albergar las nuevas generaciones, y se han ido sumando otros estudiantes. Sin embargo, todav\u00eda falta un paso para terminar con lo que iniciamos hace cuatro a\u00f1os su t\u00edtulo de T\u00e9cnicos Nivel Medio en Atenci\u00f3n de P\u00e1rvulos o Mec\u00e1nica Industrial.<\/p>\n<p style=\"text-align: justify;\">Antes de terminar, se dirigi\u00f3 un mensaje a todos los presentes especialmente a los docentes, padres y apoderados de este Liceo, destacando que este Liceo es un proyecto de alto impacto, que Campanario necesitaba y merec\u00eda un establecimiento de estas caracter\u00edsticas. En la actualidad se ha dado un auge importante a la Educaci\u00f3n T\u00e9cnico Profesional a nivel nacional y sin saberlo estamos a la van guardia en educaci\u00f3n, y es por ello que la Directora insta a trabajar y apoyar este visionario Liceo, para darles la oportunidad a muchos m\u00e1s j\u00f3venes de cumplir con ser los profesionales de excelencia que nuestro pa\u00eds necesita.<\/p>\n<p style=\"text-align: justify;\">[su_button url=\u00bbhttps:\/\/www.facebook.com\/media\/set\/?set=a.1186232801391757.1073742690.159561284058919&amp;type=1&amp;l=b48bfe9b44&#8243; target=\u00bbblank\u00bb size=\u00bb7&#8243; radius=\u00bbround\u00bb icon=\u00bbicon: camera-retro\u00bb]FOTOGRAF\u00cdAS &#8211; Liceo T\u00e9cnico Campanario Licenci\u00f3 su Primera Promoci\u00f3n[\/su_button]<\/p>\n","protected":false},"excerpt":{"rendered":"<p>Campanario, lunes 30 de noviembre 2015: El d\u00eda Viernes 20 de Noviembre de 2015, es un d\u00eda que quedar\u00e1 estampado en la historia de nuestra comuna y de la comunidad de Campanario, como uno&#46;&#46;&#46;<\/p>\n","protected":false},"author":2,"featured_media":14051,"comment_status":"open","ping_status":"open","sticky":false,"template":"","format":"standard","meta":{"footnotes":""},"categories":[5,1],"tags":[31,826,771,8,6,117],"class_list":["post-14049","post","type-post","status-publish","format-standard","has-post-thumbnail","hentry","category-eventos","category-noticias","tag-campanario","tag-licenciatura","tag-liceo-campanario","tag-yungay","tag-yungayino","tag-yungayinocl"],"_links":{"self":[{"href":"https:\/\/www.yungayino.cl\/noticias\/index.php?rest_route=\/wp\/v2\/posts\/14049","targetHints":{"allow":["GET"]}}],"collection":[{"href":"https:\/\/www.yungayino.cl\/noticias\/index.php?rest_route=\/wp\/v2\/posts"}],"about":[{"href":"https:\/\/www.yungayino.cl\/noticias\/index.php?rest_route=\/wp\/v2\/types\/post"}],"author":[{"embeddable":true,"href":"https:\/\/www.yungayino.cl\/noticias\/index.php?rest_route=\/wp\/v2\/users\/2"}],"replies":[{"embeddable":true,"href":"https:\/\/www.yungayino.cl\/noticias\/index.php?rest_route=%2Fwp%2Fv2%2Fcomments&post=14049"}],"version-history":[{"count":5,"href":"https:\/\/www.yungayino.cl\/noticias\/index.php?rest_route=\/wp\/v2\/posts\/14049\/revisions"}],"predecessor-version":[{"id":14056,"href":"https:\/\/www.yungayino.cl\/noticias\/index.php?rest_route=\/wp\/v2\/posts\/14049\/revisions\/14056"}],"wp:featuredmedia":[{"embeddable":true,"href":"https:\/\/www.yungayino.cl\/noticias\/index.php?rest_route=\/wp\/v2\/media\/14051"}],"wp:attachment":[{"href":"https:\/\/www.yungayino.cl\/noticias\/index.php?rest_route=%2Fwp%2Fv2%2Fmedia&parent=14049"}],"wp:term":[{"taxonomy":"category","embeddable":true,"href":"https:\/\/www.yungayino.cl\/noticias\/index.php?rest_route=%2Fwp%2Fv2%2Fcategories&post=14049"},{"taxonomy":"post_tag","embeddable":true,"href":"https:\/\/www.yungayino.cl\/noticias\/index.php?rest_route=%2Fwp%2Fv2%2Ftags&post=14049"}],"curies":[{"name":"wp","href":"https:\/\/api.w.org\/{rel}","templated":true}]}}