{"id":14067,"date":"2015-12-02T23:30:38","date_gmt":"2015-12-03T02:30:38","guid":{"rendered":"http:\/\/www.yungayino.cl\/noticias\/?p=14067"},"modified":"2015-12-03T15:13:46","modified_gmt":"2015-12-03T18:13:46","slug":"en-yungay-se-celebro-dia-internacional-de-la-discapacidad-3","status":"publish","type":"post","link":"https:\/\/www.yungayino.cl\/noticias\/?p=14067","title":{"rendered":"En Yungay se Celebr\u00f3 \u201cD\u00eda Internacional de la Discapacidad\u201d"},"content":{"rendered":"<p style=\"text-align: justify;\">Yungay, mi\u00e9rcoles 02 de diciembre 2015: En el Auditorio de la Biblioteca Municipal se realiz\u00f3 el Acto anual en conmemoraci\u00f3n del <strong>D\u00eda Internacional de la Discapacidad<\/strong>, el cual est\u00e1 establecido desde el a\u00f1o 1992 por la Organizaci\u00f3n de las Naciones Unidas.<\/p>\n<p style=\"text-align: justify;\">La actividad estuvo organizada por el Departamento de Educaci\u00f3n y fue encabezada por su Directora Sra. Eugenia L\u00f3pez, autoridades e invitados especiales, quienes iniciaron el acto entonando el himno nacional, el cual fue dirigido por la coordinadora de integraci\u00f3n escolar del Liceo A-17 Sra. Ana Rosa Campos e interpretado a trav\u00e9s de lengua de se\u00f1as por alumnos y alumnas de la Escuela Fernando Baquedano y Liceo A- 17 de nuestra comuna.<\/p>\n<p style=\"text-align: justify;\">Destacar que en la ocasi\u00f3n se hizo entrega de diplomas de reconocimiento a los alumnos del Programa de Integraci\u00f3n Escolar (PIE) que egresan de 8\u00b0 b\u00e1sico y alumnas que egresan del curso especial nivel laboral pertenecientes a la Escuela Los Mayos, Escuela Fernando Baquedano, Escuela Ranchillos y Liceo T\u00e9cnico Profesional de Campanario.<\/p>\n<p style=\"text-align: justify;\">Tambi\u00e9n se\u00f1alar que en la ocasi\u00f3n se entregaron reconocimientos a las instituciones que han prestado su apoyo para la labor de integraci\u00f3n en la comuna de Yungay en los distintos Programas como lo son SENADIS Biob\u00edo, Instituto Telet\u00f3n Biob\u00edo y COALIVI Biob\u00edo.<\/p>\n<p style=\"text-align: justify;\">Finalmente los presentes compartieron un coctel para poner t\u00e9rmino a este importante acto en nuestra comuna.<\/p>\n<p style=\"text-align: justify;\"><strong>[su_button url=\u00bbhttps:\/\/www.facebook.com\/media\/set\/?set=a.1187248167956887.1073742694.159561284058919&amp;type=1&amp;l=250f8b30f3&#8243; target=\u00bbblank\u00bb size=\u00bb7&#8243; radius=\u00bbround\u00bb icon=\u00bbicon: camera-retro\u00bb]FOTOGRAF\u00cdAS &#8211; En Yungay se Celebr\u00f3 \u201cD\u00eda Internacional de la Discapacidad\u201d[\/su_button]<\/strong><\/p>\n","protected":false},"excerpt":{"rendered":"<p>Yungay, mi\u00e9rcoles 02 de diciembre 2015: En el Auditorio de la Biblioteca Municipal se realiz\u00f3 el Acto anual en conmemoraci\u00f3n del D\u00eda Internacional de la Discapacidad, el cual est\u00e1 establecido desde el a\u00f1o 1992&#46;&#46;&#46;<\/p>\n","protected":false},"author":2,"featured_media":14068,"comment_status":"open","ping_status":"open","sticky":false,"template":"","format":"standard","meta":{"footnotes":""},"categories":[1],"tags":[1218,8,6,117],"class_list":["post-14067","post","type-post","status-publish","format-standard","has-post-thumbnail","hentry","category-noticias","tag-dia-de-la-discapacidad","tag-yungay","tag-yungayino","tag-yungayinocl"],"_links":{"self":[{"href":"https:\/\/www.yungayino.cl\/noticias\/index.php?rest_route=\/wp\/v2\/posts\/14067","targetHints":{"allow":["GET"]}}],"collection":[{"href":"https:\/\/www.yungayino.cl\/noticias\/index.php?rest_route=\/wp\/v2\/posts"}],"about":[{"href":"https:\/\/www.yungayino.cl\/noticias\/index.php?rest_route=\/wp\/v2\/types\/post"}],"author":[{"embeddable":true,"href":"https:\/\/www.yungayino.cl\/noticias\/index.php?rest_route=\/wp\/v2\/users\/2"}],"replies":[{"embeddable":true,"href":"https:\/\/www.yungayino.cl\/noticias\/index.php?rest_route=%2Fwp%2Fv2%2Fcomments&post=14067"}],"version-history":[{"count":2,"href":"https:\/\/www.yungayino.cl\/noticias\/index.php?rest_route=\/wp\/v2\/posts\/14067\/revisions"}],"predecessor-version":[{"id":14070,"href":"https:\/\/www.yungayino.cl\/noticias\/index.php?rest_route=\/wp\/v2\/posts\/14067\/revisions\/14070"}],"wp:featuredmedia":[{"embeddable":true,"href":"https:\/\/www.yungayino.cl\/noticias\/index.php?rest_route=\/wp\/v2\/media\/14068"}],"wp:attachment":[{"href":"https:\/\/www.yungayino.cl\/noticias\/index.php?rest_route=%2Fwp%2Fv2%2Fmedia&parent=14067"}],"wp:term":[{"taxonomy":"category","embeddable":true,"href":"https:\/\/www.yungayino.cl\/noticias\/index.php?rest_route=%2Fwp%2Fv2%2Fcategories&post=14067"},{"taxonomy":"post_tag","embeddable":true,"href":"https:\/\/www.yungayino.cl\/noticias\/index.php?rest_route=%2Fwp%2Fv2%2Ftags&post=14067"}],"curies":[{"name":"wp","href":"https:\/\/api.w.org\/{rel}","templated":true}]}}