{"id":14071,"date":"2015-12-04T10:00:47","date_gmt":"2015-12-04T13:00:47","guid":{"rendered":"http:\/\/www.yungayino.cl\/noticias\/?p=14071"},"modified":"2015-12-04T11:48:16","modified_gmt":"2015-12-04T14:48:16","slug":"orquesta-sinfonica-de-la-universidad-de-concepcion-se-presento-en-yungay","status":"publish","type":"post","link":"https:\/\/www.yungayino.cl\/noticias\/?p=14071","title":{"rendered":"Orquesta Sinf\u00f3nica de la Universidad de Concepci\u00f3n se Present\u00f3 en Yungay"},"content":{"rendered":"<p style=\"text-align: justify;\">Yungay, 04 de diciembre 2015: En el Sal\u00f3n Multiuso la Orquesta Sinf\u00f3nica Universidad de Concepci\u00f3n present\u00f3 el d\u00eda de ayer su concierto en su tercera temporada de difusi\u00f3n, con la finalidad de acercar la m\u00fasica sinf\u00f3nica a la comunidad, formando nuevos p\u00fablicos.<\/p>\n<p style=\"text-align: justify;\">Las autoridades y p\u00fablico en general que asisti\u00f3 pudo disfrutar de un programa musical que incluy\u00f3 a los grandes cl\u00e1sicos populares, con compositores tan variados como Antonio Vivaldi, Johannes Brahms, Wolfgang Amadeus Mozart, F\u00e9lix Mendelssohn, Joseph Haydn, Ludwig van Beethoven, Manuel de Falla, John Williams, Guillermo Rifo, Francisco Flores del Campo y Vicente Bianchi, entre otros.<\/p>\n<p style=\"text-align: justify;\">Finalmente destacar que este concierto fue dirigido por el chileno Celso Torres, qui\u00e9n al t\u00e9rmino del concierto recibi\u00f3 los aplausos del p\u00fablico presente.<\/p>\n<p style=\"text-align: justify;\">[su_button url=\u00bbhttps:\/\/www.facebook.com\/media\/set\/?set=a.1187697881245249.1073742695.159561284058919&amp;type=1&amp;l=a5f987afc6&#8243; target=\u00bbblank\u00bb size=\u00bb7&#8243; radius=\u00bbround\u00bb icon=\u00bbicon: camera-retro\u00bb]FOTOGRAF\u00cdAS &#8211; Orquesta Sinf\u00f3nica de la Universidad de Concepci\u00f3n se Present\u00f3 en Yungay[\/su_button]<\/p>\n","protected":false},"excerpt":{"rendered":"<p>Yungay, 04 de diciembre 2015: En el Sal\u00f3n Multiuso la Orquesta Sinf\u00f3nica Universidad de Concepci\u00f3n present\u00f3 el d\u00eda de ayer su concierto en su tercera temporada de difusi\u00f3n, con la finalidad de acercar la&#46;&#46;&#46;<\/p>\n","protected":false},"author":2,"featured_media":14073,"comment_status":"open","ping_status":"open","sticky":false,"template":"","format":"standard","meta":{"footnotes":""},"categories":[5,1],"tags":[1115,1219,1220,8,6,117],"class_list":["post-14071","post","type-post","status-publish","format-standard","has-post-thumbnail","hentry","category-eventos","category-noticias","tag-noticias","tag-orquesta-sinfonica","tag-universidad-de-concepcion","tag-yungay","tag-yungayino","tag-yungayinocl"],"_links":{"self":[{"href":"https:\/\/www.yungayino.cl\/noticias\/index.php?rest_route=\/wp\/v2\/posts\/14071","targetHints":{"allow":["GET"]}}],"collection":[{"href":"https:\/\/www.yungayino.cl\/noticias\/index.php?rest_route=\/wp\/v2\/posts"}],"about":[{"href":"https:\/\/www.yungayino.cl\/noticias\/index.php?rest_route=\/wp\/v2\/types\/post"}],"author":[{"embeddable":true,"href":"https:\/\/www.yungayino.cl\/noticias\/index.php?rest_route=\/wp\/v2\/users\/2"}],"replies":[{"embeddable":true,"href":"https:\/\/www.yungayino.cl\/noticias\/index.php?rest_route=%2Fwp%2Fv2%2Fcomments&post=14071"}],"version-history":[{"count":2,"href":"https:\/\/www.yungayino.cl\/noticias\/index.php?rest_route=\/wp\/v2\/posts\/14071\/revisions"}],"predecessor-version":[{"id":14075,"href":"https:\/\/www.yungayino.cl\/noticias\/index.php?rest_route=\/wp\/v2\/posts\/14071\/revisions\/14075"}],"wp:featuredmedia":[{"embeddable":true,"href":"https:\/\/www.yungayino.cl\/noticias\/index.php?rest_route=\/wp\/v2\/media\/14073"}],"wp:attachment":[{"href":"https:\/\/www.yungayino.cl\/noticias\/index.php?rest_route=%2Fwp%2Fv2%2Fmedia&parent=14071"}],"wp:term":[{"taxonomy":"category","embeddable":true,"href":"https:\/\/www.yungayino.cl\/noticias\/index.php?rest_route=%2Fwp%2Fv2%2Fcategories&post=14071"},{"taxonomy":"post_tag","embeddable":true,"href":"https:\/\/www.yungayino.cl\/noticias\/index.php?rest_route=%2Fwp%2Fv2%2Ftags&post=14071"}],"curies":[{"name":"wp","href":"https:\/\/api.w.org\/{rel}","templated":true}]}}