{"id":14086,"date":"2015-12-06T10:00:05","date_gmt":"2015-12-06T13:00:05","guid":{"rendered":"http:\/\/www.yungayino.cl\/noticias\/?p=14086"},"modified":"2015-12-07T06:38:33","modified_gmt":"2015-12-07T09:38:33","slug":"22-internos-del-centro-de-detencion-preventivo-de-yungay-se-licenciaron-de-ensenanza-media","status":"publish","type":"post","link":"https:\/\/www.yungayino.cl\/noticias\/?p=14086","title":{"rendered":"22 Internos del Centro de detenci\u00f3n Preventivo de Yungay se Licenciaron de Ense\u00f1anza Media"},"content":{"rendered":"<p style=\"text-align: justify;\">Yungay, viernes 04 de diciembre 2015: En una emotiva ceremonia 22 Internos del Centro de Detenci\u00f3n Preventivo de Yungay se licenciaron de Ense\u00f1anza Media, a pesar de estar privados de libertad, concentraron sus esfuerzos para dedicarse al estudio con el apoyo de Gendarmer\u00eda y el DAEM de Yungay, y as\u00ed lograr su anhelada licenciatura.<\/p>\n<p style=\"text-align: justify;\">La ceremonia estuvo liderada por el Capit\u00e1n, Rodrigo Sol\u00eds O\u00f1ate, el alcalde Pedro Inostroza, la Jefa de Unidad T\u00e9cnico Pedag\u00f3gica Comunal, Cecilia Cepeda, Concejales, invitados especiales y familiares.<\/p>\n<p style=\"text-align: justify;\">En la ocasi\u00f3n se entregaron reconocimientos al mejor compa\u00f1ero, al mejor rendimiento acad\u00e9mico y tambi\u00e9n los internos realizaron la presentaci\u00f3n de dos n\u00fameros art\u00edsticos.<\/p>\n<p style=\"text-align: justify;\">Cecilia Cepeda, se\u00f1al\u00f3 a los presentes su alegr\u00eda y reiter\u00f3 sus felicitaciones a los nuevos licenciados, recordando que desde el a\u00f1o 2011 el DAEM liderado por su Jefa Sra. Eugenia L\u00f3pez y todo su Equipo T\u00e9cnico Pedag\u00f3gico Comunal, han apoyado este proyecto en beneficio de los internos para que en el futuro les ayude a reinsertarse de una manera m\u00e1s f\u00e1cil con su licencia de ense\u00f1anza media aprobada.<\/p>\n<p style=\"text-align: justify;\">Finalmente el Profesor Manuel Guajardo, se\u00f1alo sentirse muy contento con esta licenciatura, donde los 22 alumnos reciben su licencia que les permitir\u00e1 ir en ayuda de su reinserci\u00f3n a la sociedad cuando salgan, tambi\u00e9n destac\u00f3 que 9 de ellos rindieron la PSU este a\u00f1o.<\/p>\n<p style=\"text-align: justify;\">[su_button url=\u00bbhttps:\/\/www.facebook.com\/media\/set\/?set=a.1189218237759880.1073742698.159561284058919&amp;type=1&amp;l=4ae4751ecb\u00bb target=\u00bbblank\u00bb size=\u00bb7&#8243; radius=\u00bbround\u00bb icon=\u00bbicon: camera-retro\u00bb]FOTOGRAF\u00cdAS &#8211; 22 Internos del Centro de detenci\u00f3n Preventivo de Yungay se Licenciaron de Ense\u00f1anza Media[\/su_button]<\/p>\n","protected":false},"excerpt":{"rendered":"<p>Yungay, viernes 04 de diciembre 2015: En una emotiva ceremonia 22 Internos del Centro de Detenci\u00f3n Preventivo de Yungay se licenciaron de Ense\u00f1anza Media, a pesar de estar privados de libertad, concentraron sus esfuerzos&#46;&#46;&#46;<\/p>\n","protected":false},"author":2,"featured_media":14087,"comment_status":"open","ping_status":"open","sticky":false,"template":"","format":"standard","meta":{"footnotes":""},"categories":[1],"tags":[361,826,1115,8,6,117],"class_list":["post-14086","post","type-post","status-publish","format-standard","has-post-thumbnail","hentry","category-noticias","tag-gendarmeria","tag-licenciatura","tag-noticias","tag-yungay","tag-yungayino","tag-yungayinocl"],"_links":{"self":[{"href":"https:\/\/www.yungayino.cl\/noticias\/index.php?rest_route=\/wp\/v2\/posts\/14086","targetHints":{"allow":["GET"]}}],"collection":[{"href":"https:\/\/www.yungayino.cl\/noticias\/index.php?rest_route=\/wp\/v2\/posts"}],"about":[{"href":"https:\/\/www.yungayino.cl\/noticias\/index.php?rest_route=\/wp\/v2\/types\/post"}],"author":[{"embeddable":true,"href":"https:\/\/www.yungayino.cl\/noticias\/index.php?rest_route=\/wp\/v2\/users\/2"}],"replies":[{"embeddable":true,"href":"https:\/\/www.yungayino.cl\/noticias\/index.php?rest_route=%2Fwp%2Fv2%2Fcomments&post=14086"}],"version-history":[{"count":1,"href":"https:\/\/www.yungayino.cl\/noticias\/index.php?rest_route=\/wp\/v2\/posts\/14086\/revisions"}],"predecessor-version":[{"id":14088,"href":"https:\/\/www.yungayino.cl\/noticias\/index.php?rest_route=\/wp\/v2\/posts\/14086\/revisions\/14088"}],"wp:featuredmedia":[{"embeddable":true,"href":"https:\/\/www.yungayino.cl\/noticias\/index.php?rest_route=\/wp\/v2\/media\/14087"}],"wp:attachment":[{"href":"https:\/\/www.yungayino.cl\/noticias\/index.php?rest_route=%2Fwp%2Fv2%2Fmedia&parent=14086"}],"wp:term":[{"taxonomy":"category","embeddable":true,"href":"https:\/\/www.yungayino.cl\/noticias\/index.php?rest_route=%2Fwp%2Fv2%2Fcategories&post=14086"},{"taxonomy":"post_tag","embeddable":true,"href":"https:\/\/www.yungayino.cl\/noticias\/index.php?rest_route=%2Fwp%2Fv2%2Ftags&post=14086"}],"curies":[{"name":"wp","href":"https:\/\/api.w.org\/{rel}","templated":true}]}}