{"id":14094,"date":"2015-12-07T07:00:59","date_gmt":"2015-12-07T10:00:59","guid":{"rendered":"http:\/\/www.yungayino.cl\/noticias\/?p=14094"},"modified":"2015-12-07T07:17:37","modified_gmt":"2015-12-07T10:17:37","slug":"incendio-destruye-aserradero-madecam-ltda-en-cholguan","status":"publish","type":"post","link":"https:\/\/www.yungayino.cl\/noticias\/?p=14094","title":{"rendered":"Incendio Destruye Aserradero Madecam Ltda en Cholgu\u00e1n"},"content":{"rendered":"<p style=\"text-align: justify;\">Cholgu\u00e1n, lunes 07 de diciembre 2015: Un incendio destruyo en su totalidad las instalaciones del Aserradero Madecam Ltda, Empresa Productora y Comercializadora de maderas con m\u00e1s de diez a\u00f1os de experiencia en fabricaci\u00f3n de pallets y servicio de secado ubicada en la localidad de Cholgu\u00e1n.<\/p>\n<p style=\"text-align: justify;\">El fuego comenz\u00f3 a eso de las 15:55 horas de ayer domingo, donde voluntarios de las cuatros compa\u00f1\u00edas de Bomberos de Yungay trabajaron por varias horas en la extinci\u00f3n de las llamas, donde adem\u00e1s se cont\u00f3 con la ayuda de un helic\u00f3ptero de Forestal Celco, el cual realiz\u00f3 algunos lanzamientos de agua lo cual permiti\u00f3 bajar la intensidad de las llamas de acuerdo a lo se\u00f1alado por el Superintendente del Cuerpo de Bomberos de Yungay, Pedro Carrasco Mieres.<\/p>\n<p style=\"text-align: justify;\">Finalmente destacar afortunadamente que durante la emergencia no se registraron desgracias personales, ni personas lesionadas que lamentar y que se realizar\u00e1n los peritajes que permitan establecer las causas del incendio.<\/p>\n<p style=\"text-align: justify;\">[su_button url=\u00bbhttps:\/\/www.facebook.com\/media\/set\/?set=a.1189234164424954.1073742700.159561284058919&amp;type=1&amp;l=f754681aab\u00bb target=\u00bbblank\u00bb size=\u00bb7&#8243; radius=\u00bbround\u00bb icon=\u00bbicon: camera-retro\u00bb]FOTOGRAF\u00cdAS &#8211; Incendio Destruye Aserradero Madecam Ltda en Cholgu\u00e1n[\/su_button]<\/p>\n","protected":false},"excerpt":{"rendered":"<p>Cholgu\u00e1n, lunes 07 de diciembre 2015: Un incendio destruyo en su totalidad las instalaciones del Aserradero Madecam Ltda, Empresa Productora y Comercializadora de maderas con m\u00e1s de diez a\u00f1os de experiencia en fabricaci\u00f3n de&#46;&#46;&#46;<\/p>\n","protected":false},"author":2,"featured_media":14095,"comment_status":"open","ping_status":"open","sticky":false,"template":"","format":"standard","meta":{"footnotes":""},"categories":[1],"tags":[35,26,1224,1115,8,6,117],"class_list":["post-14094","post","type-post","status-publish","format-standard","has-post-thumbnail","hentry","category-noticias","tag-cholguan","tag-incendio","tag-madecam","tag-noticias","tag-yungay","tag-yungayino","tag-yungayinocl"],"_links":{"self":[{"href":"https:\/\/www.yungayino.cl\/noticias\/index.php?rest_route=\/wp\/v2\/posts\/14094","targetHints":{"allow":["GET"]}}],"collection":[{"href":"https:\/\/www.yungayino.cl\/noticias\/index.php?rest_route=\/wp\/v2\/posts"}],"about":[{"href":"https:\/\/www.yungayino.cl\/noticias\/index.php?rest_route=\/wp\/v2\/types\/post"}],"author":[{"embeddable":true,"href":"https:\/\/www.yungayino.cl\/noticias\/index.php?rest_route=\/wp\/v2\/users\/2"}],"replies":[{"embeddable":true,"href":"https:\/\/www.yungayino.cl\/noticias\/index.php?rest_route=%2Fwp%2Fv2%2Fcomments&post=14094"}],"version-history":[{"count":2,"href":"https:\/\/www.yungayino.cl\/noticias\/index.php?rest_route=\/wp\/v2\/posts\/14094\/revisions"}],"predecessor-version":[{"id":14097,"href":"https:\/\/www.yungayino.cl\/noticias\/index.php?rest_route=\/wp\/v2\/posts\/14094\/revisions\/14097"}],"wp:featuredmedia":[{"embeddable":true,"href":"https:\/\/www.yungayino.cl\/noticias\/index.php?rest_route=\/wp\/v2\/media\/14095"}],"wp:attachment":[{"href":"https:\/\/www.yungayino.cl\/noticias\/index.php?rest_route=%2Fwp%2Fv2%2Fmedia&parent=14094"}],"wp:term":[{"taxonomy":"category","embeddable":true,"href":"https:\/\/www.yungayino.cl\/noticias\/index.php?rest_route=%2Fwp%2Fv2%2Fcategories&post=14094"},{"taxonomy":"post_tag","embeddable":true,"href":"https:\/\/www.yungayino.cl\/noticias\/index.php?rest_route=%2Fwp%2Fv2%2Ftags&post=14094"}],"curies":[{"name":"wp","href":"https:\/\/api.w.org\/{rel}","templated":true}]}}