{"id":14172,"date":"2015-12-29T20:00:24","date_gmt":"2015-12-29T23:00:24","guid":{"rendered":"http:\/\/www.yungayino.cl\/noticias\/?p=14172"},"modified":"2015-12-30T01:00:58","modified_gmt":"2015-12-30T04:00:58","slug":"carabineros-de-yungay-realiza-campana-del-uso-obligatorio-del-chaleco-reflectante","status":"publish","type":"post","link":"https:\/\/www.yungayino.cl\/noticias\/?p=14172","title":{"rendered":"Carabineros de Yungay Realiza Campa\u00f1a del Uso Obligatorio del Chaleco Reflectante"},"content":{"rendered":"<p style=\"text-align: justify;\">Yungay, martes 29 de diciembre 2015: Carabineros de la Cuarta Comisar\u00eda de nuestra comuna, encabezado por el Suboficial Juan Carlos Espinoza, Encargado de Asuntos Comunitarios realiz\u00f3 una campa\u00f1a informativa del uso obligatorio del <strong>Chaleco Reflectante <\/strong>a los conductores de nuestra comuna<strong>.<\/strong><\/p>\n<p style=\"text-align: justify;\">Destacar que de acuerdo a la informaci\u00f3n publicada por CONASET \u201cel Decreto Supremo N\u00b0 164\/2014 que modifica el Decreto 22\/2006 del Ministerio de Transportes y Telecomunicaciones, suma el chaleco reflectante a los dem\u00e1s elementos de seguridad que deben encontrarse en cada veh\u00edculo motorizado para afrontar situaciones de emergencia. Este decreto entrar\u00e1 en vigencia el 1 de enero de 2016, siendo obligatorio tener el chaleco reflectante en el veh\u00edculo\u201d.<\/p>\n<p style=\"text-align: justify;\">El Suboficial Juan Carlos Espinoza se\u00f1alo al Equipo del Portal Yunagyino.cl que el chaleco reflectante debe ser confeccionado con material fluorescente en color amarillo, con bandas de material retro reflectante de un ancho no inferior a 50 mm., adem\u00e1s debe ser guardado en un lugar que sea visible y de f\u00e1cil acceso desde el chofer, como por ejemplo en la guantera.<\/p>\n<p style=\"text-align: justify;\">Finalmente mencionar quienes no cumplan con la medida cometer\u00e1 una falta leve, lo que se traduce en una multa de 0,2 a 0,5 UTM.<\/p>\n<p style=\"text-align: justify;\">[su_button url=\u00bbhttps:\/\/www.facebook.com\/media\/set\/?set=a.1202636573084713.1073742716.159561284058919&amp;type=1&amp;l=02acdc1d0e\u00bb target=\u00bbblank\u00bb size=\u00bb7&#8243; radius=\u00bbround\u00bb icon=\u00bbicon: camera-retro\u00bb]FOTOGRAF\u00cdAS &#8211; Carabineros de Yungay Realiza Campa\u00f1a del Uso Obligatorio del Chaleco Reflectante[\/su_button]<\/p>\n","protected":false},"excerpt":{"rendered":"<p>Yungay, martes 29 de diciembre 2015: Carabineros de la Cuarta Comisar\u00eda de nuestra comuna, encabezado por el Suboficial Juan Carlos Espinoza, Encargado de Asuntos Comunitarios realiz\u00f3 una campa\u00f1a informativa del uso obligatorio del Chaleco&#46;&#46;&#46;<\/p>\n","protected":false},"author":2,"featured_media":14173,"comment_status":"open","ping_status":"open","sticky":false,"template":"","format":"standard","meta":{"footnotes":""},"categories":[3,1,32],"tags":[25,1115,1231,8,6,117],"class_list":["post-14172","post","type-post","status-publish","format-standard","has-post-thumbnail","hentry","category-actualidad","category-noticias","category-servicios","tag-carabineros","tag-noticias","tag-uso-chaleco-reflectante","tag-yungay","tag-yungayino","tag-yungayinocl"],"_links":{"self":[{"href":"https:\/\/www.yungayino.cl\/noticias\/index.php?rest_route=\/wp\/v2\/posts\/14172","targetHints":{"allow":["GET"]}}],"collection":[{"href":"https:\/\/www.yungayino.cl\/noticias\/index.php?rest_route=\/wp\/v2\/posts"}],"about":[{"href":"https:\/\/www.yungayino.cl\/noticias\/index.php?rest_route=\/wp\/v2\/types\/post"}],"author":[{"embeddable":true,"href":"https:\/\/www.yungayino.cl\/noticias\/index.php?rest_route=\/wp\/v2\/users\/2"}],"replies":[{"embeddable":true,"href":"https:\/\/www.yungayino.cl\/noticias\/index.php?rest_route=%2Fwp%2Fv2%2Fcomments&post=14172"}],"version-history":[{"count":2,"href":"https:\/\/www.yungayino.cl\/noticias\/index.php?rest_route=\/wp\/v2\/posts\/14172\/revisions"}],"predecessor-version":[{"id":14175,"href":"https:\/\/www.yungayino.cl\/noticias\/index.php?rest_route=\/wp\/v2\/posts\/14172\/revisions\/14175"}],"wp:featuredmedia":[{"embeddable":true,"href":"https:\/\/www.yungayino.cl\/noticias\/index.php?rest_route=\/wp\/v2\/media\/14173"}],"wp:attachment":[{"href":"https:\/\/www.yungayino.cl\/noticias\/index.php?rest_route=%2Fwp%2Fv2%2Fmedia&parent=14172"}],"wp:term":[{"taxonomy":"category","embeddable":true,"href":"https:\/\/www.yungayino.cl\/noticias\/index.php?rest_route=%2Fwp%2Fv2%2Fcategories&post=14172"},{"taxonomy":"post_tag","embeddable":true,"href":"https:\/\/www.yungayino.cl\/noticias\/index.php?rest_route=%2Fwp%2Fv2%2Ftags&post=14172"}],"curies":[{"name":"wp","href":"https:\/\/api.w.org\/{rel}","templated":true}]}}