{"id":14192,"date":"2016-01-05T10:29:15","date_gmt":"2016-01-05T13:29:15","guid":{"rendered":"http:\/\/www.yungayino.cl\/noticias\/?p=14192"},"modified":"2016-01-08T11:04:26","modified_gmt":"2016-01-08T14:04:26","slug":"yungay-afina-ultimos-detalles-para-celebrar-un-nuevo-aniversario-de-la-comuna","status":"publish","type":"post","link":"https:\/\/www.yungayino.cl\/noticias\/?p=14192","title":{"rendered":"Yungay Afina \u00daltimos Detalles Para Celebrar un Nuevo Aniversario de la Comuna"},"content":{"rendered":"<p style=\"text-align: justify;\"><strong>Yungay, 5 de enero 2016<\/strong>: La comuna se encuentra afinando los \u00faltimos detalles para celebrar 174 a\u00f1os de vida el pr\u00f3ximo 20 de enero, y donde la historia se\u00f1ala que el a\u00f1o 1842 el General Fernando Baquedano, decide fundar Yungay, que en lengua quechua significa \u201cMi Valle Templado\u201d.<\/p>\n<p style=\"text-align: justify;\">El municipio se encuentra organizando un variado programa de actividades, donde se destaca la Tradicional \u201c<strong>Semana Yungayina 2016<\/strong>\u201d, desde el 16 al 23 de enero, la cual se iniciara en la localidad de Campanario con un show art\u00edstico gratuito en el Estadio de Campanario y donde se contar\u00e1 con grandes artistas.<\/p>\n<p style=\"text-align: justify;\">Destacar que tambi\u00e9n se contempla un show para todos los ni\u00f1os (as) y la familia para el martes 19 de enero, donde habr\u00e1 un carnaval infantil con grandes personajes de la televisi\u00f3n a partir de las 17:00 horas en la Plaza Iquique de nuestra comuna.<\/p>\n<p style=\"text-align: justify;\">El alcalde de la comuna Pedro Inostroza Valenzuela se\u00f1alo al Equipo del Portal Yungayino.cl, que en este nuevo aniversario de nuestra comuna espera que puedan participar toda la familia y reiter\u00f3 la invitaci\u00f3n a todos los visitantes a disfrutar de una nueva <strong>semana yungayina con un show que contara con la participaci\u00f3n de Francisca Valenzuela, La Sonora Palacios, Sol y Lluvia, Inti Illimani, Tomy Rey, Los Viking 5, Tiro de Gracia, entre otros<\/strong>.<\/p>\n<p style=\"text-align: justify;\"><strong>**<\/strong> Tambi\u00e9n se\u00f1al\u00f3 que la Productora \u201cMathieu\u201d estar\u00e1 a cargo de la iluminaci\u00f3n y sonido de primer nivel, adem\u00e1s de la proyecci\u00f3n de los show que se realizaran en pantallas gigantes Led tanto en Campanario como en Yungay.<\/p>\n<p style=\"text-align: justify;\">El edil reiter\u00f3 su invitaci\u00f3n a toda la comunidad y visitantes a disfrutar de las diferentes actividades y de los espect\u00e1culos preparados por el municipio totalmente gratuito para este verano, donde tambi\u00e9n se destaca la Tradicional Feria Costumbrista 2016 que se desarrollar\u00e1 entre el 8 al 14 de febrero, finalmente tambi\u00e9n invit\u00f3 a participar del acto c\u00edvico m\u00e1s el desfile que se desarrollar\u00e1 el pr\u00f3ximo 20 de enero frente al edificio municipal para celebrar los 174 a\u00f1os de Yungay.<\/p>\n<hr \/>\n<p style=\"text-align: justify;\">\n<p style=\"text-align: justify;\"><strong>[**ACLARACI\u00d3N]<\/strong><br \/>\n<em>En relaci\u00f3n a la empresa que ser\u00e1 la encargada de la amplificaci\u00f3n e iluminaci\u00f3n, se\u00f1alar que este proceso est\u00e1 a\u00fan en licitaci\u00f3n, y asumimos nuestra responsabilidad al copiar contenido de eventos anteriores en la edici\u00f3n de esta nota.<\/em><\/p>\n<p style=\"text-align: center;\"><a href=\"http:\/\/www.yungayino.cl\/noticias\/wp-content\/uploads\/2016\/01\/Semana-Yungayina_2016.gif\"><img loading=\"lazy\" decoding=\"async\" class=\"alignnone wp-image-14195 size-full\" src=\"http:\/\/www.yungayino.cl\/noticias\/wp-content\/uploads\/2016\/01\/Semana-Yungayina_2016.gif\" alt=\"Semana Yungayina 2016 \/ Yungayino.cl\" width=\"2048\" height=\"1024\" \/><\/a><em>clic para ampliar<\/em><\/p>\n","protected":false},"excerpt":{"rendered":"<p>Yungay, 5 de enero 2016: La comuna se encuentra afinando los \u00faltimos detalles para celebrar 174 a\u00f1os de vida el pr\u00f3ximo 20 de enero, y donde la historia se\u00f1ala que el a\u00f1o 1842 el&#46;&#46;&#46;<\/p>\n","protected":false},"author":1,"featured_media":14193,"comment_status":"open","ping_status":"open","sticky":false,"template":"","format":"standard","meta":{"footnotes":""},"categories":[5,1],"tags":[1234,8,117],"class_list":["post-14192","post","type-post","status-publish","format-standard","has-post-thumbnail","hentry","category-eventos","category-noticias","tag-semana-yungayina-2016","tag-yungay","tag-yungayinocl"],"_links":{"self":[{"href":"https:\/\/www.yungayino.cl\/noticias\/index.php?rest_route=\/wp\/v2\/posts\/14192","targetHints":{"allow":["GET"]}}],"collection":[{"href":"https:\/\/www.yungayino.cl\/noticias\/index.php?rest_route=\/wp\/v2\/posts"}],"about":[{"href":"https:\/\/www.yungayino.cl\/noticias\/index.php?rest_route=\/wp\/v2\/types\/post"}],"author":[{"embeddable":true,"href":"https:\/\/www.yungayino.cl\/noticias\/index.php?rest_route=\/wp\/v2\/users\/1"}],"replies":[{"embeddable":true,"href":"https:\/\/www.yungayino.cl\/noticias\/index.php?rest_route=%2Fwp%2Fv2%2Fcomments&post=14192"}],"version-history":[{"count":7,"href":"https:\/\/www.yungayino.cl\/noticias\/index.php?rest_route=\/wp\/v2\/posts\/14192\/revisions"}],"predecessor-version":[{"id":14209,"href":"https:\/\/www.yungayino.cl\/noticias\/index.php?rest_route=\/wp\/v2\/posts\/14192\/revisions\/14209"}],"wp:featuredmedia":[{"embeddable":true,"href":"https:\/\/www.yungayino.cl\/noticias\/index.php?rest_route=\/wp\/v2\/media\/14193"}],"wp:attachment":[{"href":"https:\/\/www.yungayino.cl\/noticias\/index.php?rest_route=%2Fwp%2Fv2%2Fmedia&parent=14192"}],"wp:term":[{"taxonomy":"category","embeddable":true,"href":"https:\/\/www.yungayino.cl\/noticias\/index.php?rest_route=%2Fwp%2Fv2%2Fcategories&post=14192"},{"taxonomy":"post_tag","embeddable":true,"href":"https:\/\/www.yungayino.cl\/noticias\/index.php?rest_route=%2Fwp%2Fv2%2Ftags&post=14192"}],"curies":[{"name":"wp","href":"https:\/\/api.w.org\/{rel}","templated":true}]}}