{"id":14215,"date":"2016-01-08T23:00:42","date_gmt":"2016-01-09T02:00:42","guid":{"rendered":"http:\/\/www.yungayino.cl\/noticias\/?p=14215"},"modified":"2016-01-09T02:06:05","modified_gmt":"2016-01-09T05:06:05","slug":"union-comunal-de-juntas-de-vecinos-de-yungay-realizo-elecciones","status":"publish","type":"post","link":"https:\/\/www.yungayino.cl\/noticias\/?p=14215","title":{"rendered":"Uni\u00f3n Comunal de Juntas de Vecinos de Yungay Realiz\u00f3 Elecciones"},"content":{"rendered":"<p style=\"text-align: justify;\">Yungay, viernes 08 de enero 2016: En las dependencias del Sal\u00f3n de Carabineros, se llev\u00f3 a efecto el acto eleccionario de la Uni\u00f3n Comunal de Juntas de Vecinos de nuestra comuna, donde se procedi\u00f3 a elegir el nuevo directorio que comandar\u00e1 a la organizaci\u00f3n para el nuevo periodo que se inicia este a\u00f1o, donde la nueva directiva quedo conformada por las siguientes personas:<\/p>\n<p style=\"text-align: justify;\">Presidenta: Ang\u00e9lica Mart\u00ednez (reelecta)<\/p>\n<p style=\"text-align: justify;\">Secretaria: Eugenia San Martin<\/p>\n<p style=\"text-align: justify;\">Tesorera: Mar\u00eda Fuentes<\/p>\n<p style=\"text-align: justify;\">Suplentes: Clementina Vel\u00e1squez, Yuny Stevens y Lilian Mora.<\/p>\n<p style=\"text-align: justify;\">Tambi\u00e9n en la ocasi\u00f3n se le eligieron las siguientes comisiones:<\/p>\n<p style=\"text-align: justify;\"><strong>Comisi\u00f3n Electoral: <\/strong>Orfelina Vega, Delicia Fritz y Rosa Arroyo.<\/p>\n<p style=\"text-align: justify;\"><strong>Comisi\u00f3n Finanzas: <\/strong>Daniel Fuentes, Juan Ignacio Campos y Delicia Fritz.<\/p>\n<p style=\"text-align: justify;\">Finalmente la nueva directiva presidida por la Sra. Ang\u00e9lica Mart\u00ednez (reelecta), agradeci\u00f3 el apoyo de la asamblea y los invito a trabajar en conjunto por el bien de la comuna.<\/p>\n<p style=\"text-align: justify;\">[su_button url=\u00bbhttps:\/\/www.facebook.com\/media\/set\/?set=a.1208592569155780.1073742720.159561284058919&amp;type=1&amp;l=00c475df68&#8243; target=\u00bbblank\u00bb size=\u00bb7&#8243; radius=\u00bbround\u00bb icon=\u00bbicon: camera-retro\u00bb]FOTOGRAF\u00cdAS &#8211; Uni\u00f3n Comunal de Juntas de Vecinos de Yungay Realiz\u00f3 Elecciones[\/su_button]<\/p>\n","protected":false},"excerpt":{"rendered":"<p>Yungay, viernes 08 de enero 2016: En las dependencias del Sal\u00f3n de Carabineros, se llev\u00f3 a efecto el acto eleccionario de la Uni\u00f3n Comunal de Juntas de Vecinos de nuestra comuna, donde se procedi\u00f3&#46;&#46;&#46;<\/p>\n","protected":false},"author":2,"featured_media":14212,"comment_status":"open","ping_status":"open","sticky":false,"template":"","format":"standard","meta":{"footnotes":""},"categories":[3,1],"tags":[969,8,6,117],"class_list":["post-14215","post","type-post","status-publish","format-standard","has-post-thumbnail","hentry","category-actualidad","category-noticias","tag-union-comunal-de-juntas-de-vecinos","tag-yungay","tag-yungayino","tag-yungayinocl"],"_links":{"self":[{"href":"https:\/\/www.yungayino.cl\/noticias\/index.php?rest_route=\/wp\/v2\/posts\/14215","targetHints":{"allow":["GET"]}}],"collection":[{"href":"https:\/\/www.yungayino.cl\/noticias\/index.php?rest_route=\/wp\/v2\/posts"}],"about":[{"href":"https:\/\/www.yungayino.cl\/noticias\/index.php?rest_route=\/wp\/v2\/types\/post"}],"author":[{"embeddable":true,"href":"https:\/\/www.yungayino.cl\/noticias\/index.php?rest_route=\/wp\/v2\/users\/2"}],"replies":[{"embeddable":true,"href":"https:\/\/www.yungayino.cl\/noticias\/index.php?rest_route=%2Fwp%2Fv2%2Fcomments&post=14215"}],"version-history":[{"count":3,"href":"https:\/\/www.yungayino.cl\/noticias\/index.php?rest_route=\/wp\/v2\/posts\/14215\/revisions"}],"predecessor-version":[{"id":14218,"href":"https:\/\/www.yungayino.cl\/noticias\/index.php?rest_route=\/wp\/v2\/posts\/14215\/revisions\/14218"}],"wp:featuredmedia":[{"embeddable":true,"href":"https:\/\/www.yungayino.cl\/noticias\/index.php?rest_route=\/wp\/v2\/media\/14212"}],"wp:attachment":[{"href":"https:\/\/www.yungayino.cl\/noticias\/index.php?rest_route=%2Fwp%2Fv2%2Fmedia&parent=14215"}],"wp:term":[{"taxonomy":"category","embeddable":true,"href":"https:\/\/www.yungayino.cl\/noticias\/index.php?rest_route=%2Fwp%2Fv2%2Fcategories&post=14215"},{"taxonomy":"post_tag","embeddable":true,"href":"https:\/\/www.yungayino.cl\/noticias\/index.php?rest_route=%2Fwp%2Fv2%2Ftags&post=14215"}],"curies":[{"name":"wp","href":"https:\/\/api.w.org\/{rel}","templated":true}]}}