{"id":14220,"date":"2016-01-11T20:00:39","date_gmt":"2016-01-11T23:00:39","guid":{"rendered":"http:\/\/www.yungayino.cl\/noticias\/?p=14220"},"modified":"2016-01-11T22:44:20","modified_gmt":"2016-01-12T01:44:20","slug":"arzobispo-de-concepcion-monsenor-fernando-chomali-inaugura-capilla-san-jose-en-campanario","status":"publish","type":"post","link":"https:\/\/www.yungayino.cl\/noticias\/?p=14220","title":{"rendered":"Arzobispo de Concepci\u00f3n, Monse\u00f1or Fernando Chomal\u00ed Inaugura Capilla San Jos\u00e9 en Campanario"},"content":{"rendered":"<p style=\"text-align: justify;\">Campanario, lunes 11 de enero 2016: Con la participaci\u00f3n del Arzobispo de Concepci\u00f3n, Monse\u00f1or Fernando Chomal\u00ed la Comunidad Cat\u00f3lica de Campanario celebr\u00f3 el d\u00eda 9 de enero, con mucha alegr\u00eda la inauguraci\u00f3n de la hermosa Capilla de San Jos\u00e9.<\/p>\n<p style=\"text-align: justify;\">El Arzobispo de Concepci\u00f3n, Monse\u00f1or Fernando Chomal\u00ed manifest\u00f3 al Equipo del Portal Yungayino.cl su alegr\u00eda por encontrarse con una comunidad tan viva, donde se\u00f1alo que le consta el esfuerzo de toda la comunidad por sacar adelante esta hermosa capilla, que tiene adem\u00e1s un lindo velatorio, y donde se nota mucha fe, por lo tanto es lo que hay que transmitirle a las futuras generaciones, adem\u00e1s reiter\u00f3 sentirse muy contento y feliz, tambi\u00e9n se\u00f1alo que ojala la Capilla sirva para tambi\u00e9n mantener las tradiciones de nuestro pa\u00eds y regi\u00f3n que forman parte de la vida de la capilla y finalmente destac\u00f3 la gran asistencia lo que demuestra a una comunidad muy unida en torno al Se\u00f1or.<\/p>\n<p style=\"text-align: justify;\">Finalmente se\u00f1alar que tambi\u00e9n estuvo presente el alcalde Pedro Inostroza Valenzuela junto a los concejales, autoridades y comunidad en general, quienes finalizada la ceremonia se trasladaron al Sal\u00f3n Multiuso para celebrar la inauguraci\u00f3n de esta hermosa capilla y compartir un coctel.<\/p>\n<p style=\"text-align: justify;\">[su_button url=\u00bbhttps:\/\/www.facebook.com\/media\/set\/?set=a.1210357175645986.1073742721.159561284058919&amp;type=1&amp;l=4e36483e4b\u00bb target=\u00bbblank\u00bb size=\u00bb7&#8243; radius=\u00bbround\u00bb icon=\u00bbicon: camera-retro\u00bb]FOTOGRAF\u00cdAS &#8211; Arzobispo de Concepci\u00f3n, Monse\u00f1or Fernando Chomal\u00ed Inaugura Capilla San Jos\u00e9 en Campanario[\/su_button]<\/p>\n","protected":false},"excerpt":{"rendered":"<p>Campanario, lunes 11 de enero 2016: Con la participaci\u00f3n del Arzobispo de Concepci\u00f3n, Monse\u00f1or Fernando Chomal\u00ed la Comunidad Cat\u00f3lica de Campanario celebr\u00f3 el d\u00eda 9 de enero, con mucha alegr\u00eda la inauguraci\u00f3n de la&#46;&#46;&#46;<\/p>\n","protected":false},"author":2,"featured_media":14221,"comment_status":"open","ping_status":"open","sticky":false,"template":"","format":"standard","meta":{"footnotes":""},"categories":[1],"tags":[31,1235,8,6,117],"class_list":["post-14220","post","type-post","status-publish","format-standard","has-post-thumbnail","hentry","category-noticias","tag-campanario","tag-capilla-san-jose","tag-yungay","tag-yungayino","tag-yungayinocl"],"_links":{"self":[{"href":"https:\/\/www.yungayino.cl\/noticias\/index.php?rest_route=\/wp\/v2\/posts\/14220","targetHints":{"allow":["GET"]}}],"collection":[{"href":"https:\/\/www.yungayino.cl\/noticias\/index.php?rest_route=\/wp\/v2\/posts"}],"about":[{"href":"https:\/\/www.yungayino.cl\/noticias\/index.php?rest_route=\/wp\/v2\/types\/post"}],"author":[{"embeddable":true,"href":"https:\/\/www.yungayino.cl\/noticias\/index.php?rest_route=\/wp\/v2\/users\/2"}],"replies":[{"embeddable":true,"href":"https:\/\/www.yungayino.cl\/noticias\/index.php?rest_route=%2Fwp%2Fv2%2Fcomments&post=14220"}],"version-history":[{"count":2,"href":"https:\/\/www.yungayino.cl\/noticias\/index.php?rest_route=\/wp\/v2\/posts\/14220\/revisions"}],"predecessor-version":[{"id":14224,"href":"https:\/\/www.yungayino.cl\/noticias\/index.php?rest_route=\/wp\/v2\/posts\/14220\/revisions\/14224"}],"wp:featuredmedia":[{"embeddable":true,"href":"https:\/\/www.yungayino.cl\/noticias\/index.php?rest_route=\/wp\/v2\/media\/14221"}],"wp:attachment":[{"href":"https:\/\/www.yungayino.cl\/noticias\/index.php?rest_route=%2Fwp%2Fv2%2Fmedia&parent=14220"}],"wp:term":[{"taxonomy":"category","embeddable":true,"href":"https:\/\/www.yungayino.cl\/noticias\/index.php?rest_route=%2Fwp%2Fv2%2Fcategories&post=14220"},{"taxonomy":"post_tag","embeddable":true,"href":"https:\/\/www.yungayino.cl\/noticias\/index.php?rest_route=%2Fwp%2Fv2%2Ftags&post=14220"}],"curies":[{"name":"wp","href":"https:\/\/api.w.org\/{rel}","templated":true}]}}