{"id":14225,"date":"2016-01-11T21:00:31","date_gmt":"2016-01-12T00:00:31","guid":{"rendered":"http:\/\/www.yungayino.cl\/noticias\/?p=14225"},"modified":"2016-01-11T22:46:26","modified_gmt":"2016-01-12T01:46:26","slug":"la-ilustre-municipalidad-de-yungay-invita-a-participar-de-la-escuela-de-verano-para-ninos-as","status":"publish","type":"post","link":"https:\/\/www.yungayino.cl\/noticias\/?p=14225","title":{"rendered":"La Ilustre Municipalidad de Yungay Invita a Participar de la Escuela de Verano para Ni\u00f1os (as)"},"content":{"rendered":"<p style=\"text-align: justify;\">Yungay, lunes 11 de enero 2016: La Ilustre Municipalidad de Yungay, el Ministerio de Desarrollo Social y el Instituto Nacional de Deporte, invita a todas las madres de la comuna que trabajan en la temporada de verano a inscribir a sus hijos en el \u201cPrograma Escuelas de Verano de Campanario y Yungay\u201d.<\/p>\n<p style=\"text-align: justify;\">Las interesadas deben dirigirse a la Direcci\u00f3n de Desarrollo Comunitario (DIDECO) o en las dependencias del Liceo antiguo de Yungay, frente a la plaza con la se\u00f1orita Caterin Acu\u00f1a Sandoval. (Consultas al Fono: 74133861)<\/p>\n<p style=\"text-align: justify;\">Los requisitos para poder inscribir a los ni\u00f1os es solo que deben tener entre 6 y 12 a\u00f1os de edad y la escuela comienza el 21 de enero 2016 y finaliza el 19 de febrero 2016.<\/p>\n<p style=\"text-align: justify;\">Nota: Para el Sector de Campanario se contempla traslado (ida y regreso) de los ni\u00f1os\/as desde Campanario al Liceo de Yungay.<\/p>\n","protected":false},"excerpt":{"rendered":"<p>Yungay, lunes 11 de enero 2016: La Ilustre Municipalidad de Yungay, el Ministerio de Desarrollo Social y el Instituto Nacional de Deporte, invita a todas las madres de la comuna que trabajan en la&#46;&#46;&#46;<\/p>\n","protected":false},"author":2,"featured_media":14222,"comment_status":"open","ping_status":"open","sticky":false,"template":"","format":"standard","meta":{"footnotes":""},"categories":[1,32],"tags":[31,638,1115,8,6,117],"class_list":["post-14225","post","type-post","status-publish","format-standard","has-post-thumbnail","hentry","category-noticias","category-servicios","tag-campanario","tag-escuela-de-verano","tag-noticias","tag-yungay","tag-yungayino","tag-yungayinocl"],"_links":{"self":[{"href":"https:\/\/www.yungayino.cl\/noticias\/index.php?rest_route=\/wp\/v2\/posts\/14225","targetHints":{"allow":["GET"]}}],"collection":[{"href":"https:\/\/www.yungayino.cl\/noticias\/index.php?rest_route=\/wp\/v2\/posts"}],"about":[{"href":"https:\/\/www.yungayino.cl\/noticias\/index.php?rest_route=\/wp\/v2\/types\/post"}],"author":[{"embeddable":true,"href":"https:\/\/www.yungayino.cl\/noticias\/index.php?rest_route=\/wp\/v2\/users\/2"}],"replies":[{"embeddable":true,"href":"https:\/\/www.yungayino.cl\/noticias\/index.php?rest_route=%2Fwp%2Fv2%2Fcomments&post=14225"}],"version-history":[{"count":1,"href":"https:\/\/www.yungayino.cl\/noticias\/index.php?rest_route=\/wp\/v2\/posts\/14225\/revisions"}],"predecessor-version":[{"id":14226,"href":"https:\/\/www.yungayino.cl\/noticias\/index.php?rest_route=\/wp\/v2\/posts\/14225\/revisions\/14226"}],"wp:featuredmedia":[{"embeddable":true,"href":"https:\/\/www.yungayino.cl\/noticias\/index.php?rest_route=\/wp\/v2\/media\/14222"}],"wp:attachment":[{"href":"https:\/\/www.yungayino.cl\/noticias\/index.php?rest_route=%2Fwp%2Fv2%2Fmedia&parent=14225"}],"wp:term":[{"taxonomy":"category","embeddable":true,"href":"https:\/\/www.yungayino.cl\/noticias\/index.php?rest_route=%2Fwp%2Fv2%2Fcategories&post=14225"},{"taxonomy":"post_tag","embeddable":true,"href":"https:\/\/www.yungayino.cl\/noticias\/index.php?rest_route=%2Fwp%2Fv2%2Ftags&post=14225"}],"curies":[{"name":"wp","href":"https:\/\/api.w.org\/{rel}","templated":true}]}}